{"id":5933,"date":"2021-04-23T09:16:29","date_gmt":"2021-04-23T07:16:29","guid":{"rendered":"https:\/\/www.wel-com.fr\/blog\/?p=5933"},"modified":"2021-04-23T09:16:29","modified_gmt":"2021-04-23T07:16:29","slug":"keynote-apple-avril-2021-tout-savoir-sur-les-annonces","status":"publish","type":"post","link":"https:\/\/www.wel-com.fr\/blog\/keynote-apple-avril-2021-tout-savoir-sur-les-annonces\/","title":{"rendered":"Keynote Apple Avril 2021 : Tout savoir sur les annonces !"},"content":{"rendered":"<p><strong>Le mardi 20 Avril 2021 se d\u00e9roulait une conf\u00e9rence en ligne depuis l&rsquo;Apple Park de Cupertino. A cette occasion, de nouveaux produits et de nouveaux services ont \u00e9t\u00e9 d\u00e9voil\u00e9s. D\u00e9couvrez toutes ces nouveaut\u00e9s juste en dessous.<\/strong><\/p>\n<h1><strong>Les services\u00a0<\/strong><\/h1>\n<h2><strong>Apple card<\/strong><\/h2>\n<p>La <strong>carte de paiement d&rsquo;Apple<\/strong> peut d\u00e8s \u00e0 pr\u00e9sent \u00eatre utilis\u00e9e par n&rsquo;importe quel membre de votre famille, \u00e0 partir de 13 ans.<\/p>\n<h1><strong>Les produits\u00a0<\/strong><\/h1>\n<h2><strong>L&rsquo;iPhone 12 et 12 mini<\/strong><\/h2>\n<p><strong>L&rsquo;iPhone<\/strong> d\u00e9barque sur le march\u00e9 avec une nouvelle couleur : le violet. Le lancement commercial se d\u00e9roulera le 30 Avril.<\/p>\n<h2><img decoding=\"async\" loading=\"lazy\" class=\"aligncenter wp-image-5934\" src=\"https:\/\/www.wel-com.fr\/blog\/wp-content\/uploads\/2021\/04\/iphone_12-nouvelle-couleur-violet.png\" alt=\"\" width=\"329\" height=\"185\" srcset=\"https:\/\/www.wel-com.fr\/blog\/wp-content\/uploads\/2021\/04\/iphone_12-nouvelle-couleur-violet.png 666w, https:\/\/www.wel-com.fr\/blog\/wp-content\/uploads\/2021\/04\/iphone_12-nouvelle-couleur-violet-300x169.png 300w\" sizes=\"(max-width: 329px) 100vw, 329px\" \/><strong>Airtag\u00a0<\/strong><\/h2>\n<p><strong>Nouveau produit Apple<\/strong> tant attendu : l&rsquo;AirTag ! Gr\u00e2ce \u00e0 cet objet vous pourrez retrouver n&rsquo;importe quel objet accroch\u00e9 \u00e0 celui-ci : cl\u00e9s de voiture, sac, etc. Il est connect\u00e9 \u00e0 l&rsquo;<strong>application Find My<\/strong> et celle-ci \u00e9volue de son c\u00f4t\u00e9. Maintenant, il est possible de se rendre directement \u00e0 l&rsquo;appareil perdu! Il sera commercialis\u00e9 le 30 Avril \u00e9galement.<\/p>\n<p><em>Co\u00fbt : 29$<\/em><\/p>\n<h2><strong>Apple TV\u00a0<\/strong><\/h2>\n<p>Une <strong>nouvelle g\u00e9n\u00e9ration d&rsquo;Apple TV 4K<\/strong> est annonc\u00e9e durant la Keynote. Celle-ci est compos\u00e9e d&rsquo;une puce Apple A12 et apporte le HDR \u00e0 haut framerate, l&rsquo;id\u00e9al pour les fans de sport ou ceux qui poss\u00e8dent un iPhone 12 Pro.<\/p>\n<p>Apple cr\u00e9\u00e9 un nouveau syst\u00e8me permettant de r\u00e9gler les couleurs de votre Apple TV gr\u00e2ce aux <strong>capteurs de votre iPhone<\/strong>.<\/p>\n<p>Il suffit de coller votre iPhone au t\u00e9l\u00e9viseur, de lancer le service et les r\u00e9glages se font automatiquement.<\/p>\n<p>Petit bonus : une nouvelle t\u00e9l\u00e9commande accompagne cette Apple TV et elle est compatible avec Siri.<\/p>\n<p><em>Co\u00fbt : 179$ pour 32GO et 199$ pour 64GO<\/em><\/p>\n<h2><strong>Mac<\/strong><\/h2>\n<p>D\u00e9voilement des <strong>nouveaux Mac M1<\/strong> ! D\u00e9couvrez le nouveau iMac M1 tout en couleur : bleu, vert, orange, rouge, etc.<\/p>\n<p>Le design est plus fin, la cam\u00e9ra est am\u00e9lior\u00e9e et le micro est perfectionn\u00e9 ! Apple a su adapter son produit \u00e0 la situation actuelle, en pensant aux citoyens exer\u00e7ant leur activit\u00e9 professionnelle au t\u00e9l\u00e9travail.<\/p>\n<p><em>Co\u00fbt : 1299$, au minimum<\/em><\/p>\n<h2><strong>iPad\u00a0<\/strong><\/h2>\n<p>L&rsquo;<strong>iPad Pro 2021<\/strong> poss\u00e8de lui aussi la puce M1. Cela rend les performances de l&rsquo;iPad bien plus puissantes et peut m\u00eame devenir un outil totalement concurrent des ordinateurs d\u00e9j\u00e0 pr\u00e9sents sur le march\u00e9.<\/p>\n<p><em>Co\u00fbt : 799$, au minimum<\/em><\/p>\n<p>C&rsquo;est tout pour aujourd&rsquo;hui, Apple a encore une fois d\u00e9voil\u00e9e des produits toujours plus performants les uns que les autres !<\/p>\n<p>D\u00e9couvrez nos <strong><a href=\"https:\/\/www.wel-com.fr\/marques\/apple\/\" target=\"_blank\" rel=\"noopener\">produits Apple<\/a><\/strong> et profitez de toutes leurs caract\u00e9ristiques hors du commun.<\/p>\n<hr \/>\n<h2 style=\"text-align: center;\"><strong>POUR NE RIEN RATER DE NOS PROCHAINES ASTUCES MOBILES, RESTEZ BRANCH\u00c9S SUR\u00a0<a href=\"https:\/\/www.wel-com.fr\/blog\/\">WELCOM\u2019 NEWS<\/a>\u00a0!<\/strong><\/h2>\n<p style=\"text-align: center;\"><strong>Retrouvez-nous sur les r\u00e9seaux sociaux !<\/strong><\/p>\n<h2 class=\"alignnone\" style=\"text-align: center;\"><a href=\"https:\/\/www.facebook.com\/welcom.fr\" target=\"_blank\" rel=\"noopener\"><img decoding=\"async\" loading=\"lazy\" class=\"alignnone wp-image-2171\" title=\"facebook-icon\" src=\"https:\/\/www.wel-com.fr\/blog\/wp-content\/uploads\/2018\/03\/facebook.png\" sizes=\"(max-width: 70px) 100vw, 70px\" srcset=\"https:\/\/www.wel-com.fr\/blog\/wp-content\/uploads\/2018\/03\/facebook.png 512w, https:\/\/www.wel-com.fr\/blog\/wp-content\/uploads\/2018\/03\/facebook-150x150.png 150w, https:\/\/www.wel-com.fr\/blog\/wp-content\/uploads\/2018\/03\/facebook-300x300.png 300w, https:\/\/www.wel-com.fr\/blog\/wp-content\/uploads\/2018\/03\/facebook-630x630.png 630w\" alt=\"facebook-icon\" width=\"69\" height=\"69\" \/><\/a><strong> <a href=\"https:\/\/twitter.com\/welcom_fr\" target=\"_blank\" rel=\"noopener noreferrer\"><img decoding=\"async\" loading=\"lazy\" class=\"alignnone wp-image-2170\" title=\"twitter-icon\" src=\"https:\/\/www.wel-com.fr\/blog\/wp-content\/uploads\/2018\/03\/twitter.png\" sizes=\"(max-width: 70px) 100vw, 70px\" srcset=\"https:\/\/www.wel-com.fr\/blog\/wp-content\/uploads\/2018\/03\/twitter.png 512w, https:\/\/www.wel-com.fr\/blog\/wp-content\/uploads\/2018\/03\/twitter-150x150.png 150w, https:\/\/www.wel-com.fr\/blog\/wp-content\/uploads\/2018\/03\/twitter-300x300.png 300w, https:\/\/www.wel-com.fr\/blog\/wp-content\/uploads\/2018\/03\/twitter-630x630.png 630w\" alt=\"twitter-icon\" width=\"70\" height=\"70\" \/><\/a><a href=\"https:\/\/www.youtube.com\/channel\/UCzE10j8vRxSEVubF8gqt-5Q\" target=\"_blank\" rel=\"noopener noreferrer\"><img decoding=\"async\" loading=\"lazy\" class=\"alignnone wp-image-2172\" title=\"youtube-icon\" src=\"https:\/\/www.wel-com.fr\/blog\/wp-content\/uploads\/2018\/03\/youtube.png\" sizes=\"(max-width: 70px) 100vw, 70px\" srcset=\"https:\/\/www.wel-com.fr\/blog\/wp-content\/uploads\/2018\/03\/youtube.png 512w, https:\/\/www.wel-com.fr\/blog\/wp-content\/uploads\/2018\/03\/youtube-150x150.png 150w, https:\/\/www.wel-com.fr\/blog\/wp-content\/uploads\/2018\/03\/youtube-300x300.png 300w, https:\/\/www.wel-com.fr\/blog\/wp-content\/uploads\/2018\/03\/youtube-630x630.png 630w\" alt=\"youtube-icon\" width=\"70\" height=\"70\" \/><\/a> <a href=\"https:\/\/www.linkedin.com\/company\/10080146\" target=\"_blank\" rel=\"noopener noreferrer\"><img decoding=\"async\" loading=\"lazy\" class=\"alignnone wp-image-2173\" title=\"linkedin-icon\" src=\"https:\/\/www.wel-com.fr\/blog\/wp-content\/uploads\/2018\/03\/linkedin.png\" sizes=\"(max-width: 70px) 100vw, 70px\" srcset=\"https:\/\/www.wel-com.fr\/blog\/wp-content\/uploads\/2018\/03\/linkedin.png 512w, https:\/\/www.wel-com.fr\/blog\/wp-content\/uploads\/2018\/03\/linkedin-150x150.png 150w, https:\/\/www.wel-com.fr\/blog\/wp-content\/uploads\/2018\/03\/linkedin-300x300.png 300w, https:\/\/www.wel-com.fr\/blog\/wp-content\/uploads\/2018\/03\/linkedin-630x630.png 630w\" alt=\"linkedin-icon\" width=\"70\" height=\"70\" \/><\/a>\u00a0<\/strong><a href=\"https:\/\/www.instagram.com\/welcom_fr\/\" target=\"_blank\" rel=\"noopener noreferrer\"><img decoding=\"async\" loading=\"lazy\" class=\"wp-image-3225 alignnone\" title=\"instagram-icon\" src=\"https:\/\/www.wel-com.fr\/blog\/wp-content\/uploads\/2018\/08\/instagram-1.png\" sizes=\"(max-width: 70px) 100vw, 70px\" srcset=\"https:\/\/www.wel-com.fr\/blog\/wp-content\/uploads\/2018\/08\/instagram-1.png 512w, https:\/\/www.wel-com.fr\/blog\/wp-content\/uploads\/2018\/08\/instagram-1-150x150.png 150w, https:\/\/www.wel-com.fr\/blog\/wp-content\/uploads\/2018\/08\/instagram-1-300x300.png 300w, https:\/\/www.wel-com.fr\/blog\/wp-content\/uploads\/2018\/08\/instagram-1-630x630.png 630w\" alt=\"instagram-icon\" width=\"70\" height=\"70\" \/><\/a><\/h2>\n","protected":false},"excerpt":{"rendered":"<p>Le mardi 20 Avril 2021 se d\u00e9roulait une conf\u00e9rence en ligne depuis l&rsquo;Apple Park de Cupertino. A cette occasion, de nouveaux produits et de nouveaux services ont \u00e9t\u00e9 d\u00e9voil\u00e9s. D\u00e9couvrez toutes ces nouveaut\u00e9s juste en dessous. Les services\u00a0 Apple card La carte de paiement d&rsquo;Apple peut d\u00e8s \u00e0 pr\u00e9sent \u00eatre utilis\u00e9e par n&rsquo;importe quel membre [&hellip;]<\/p>\n","protected":false},"author":2,"featured_media":5937,"comment_status":"open","ping_status":"open","sticky":false,"template":"","format":"standard","meta":{"content-type":"","_monsterinsights_skip_tracking":false,"_monsterinsights_sitenote_active":false,"_monsterinsights_sitenote_note":"","_monsterinsights_sitenote_category":0},"categories":[3],"tags":[],"yoast_head":"<!-- This site is optimized with the Yoast SEO plugin v20.7 - https:\/\/yoast.com\/wordpress\/plugins\/seo\/ -->\n<title>Keynote Apple Avril 2021 : Tout savoir sur les annonces ! - Welcom<\/title>\n<meta name=\"description\" content=\"Le mardi 20 Avril 2021 se d\u00e9roulait une conf\u00e9rence en ligne depuis l&#039;Apple Park de Cupertino. A cette occasion, de nouveaux produits et de nouveaux\" \/>\n<meta name=\"robots\" content=\"index, follow, max-snippet:-1, max-image-preview:large, max-video-preview:-1\" \/>\n<link rel=\"canonical\" href=\"https:\/\/www.wel-com.fr\/blog\/keynote-apple-avril-2021-tout-savoir-sur-les-annonces\/\" \/>\n<meta property=\"og:locale\" content=\"fr_FR\" \/>\n<meta property=\"og:type\" content=\"article\" \/>\n<meta property=\"og:title\" content=\"Keynote Apple Avril 2021 : Tout savoir sur les annonces ! - Welcom\" \/>\n<meta property=\"og:description\" content=\"Le mardi 20 Avril 2021 se d\u00e9roulait une conf\u00e9rence en ligne depuis l&#039;Apple Park de Cupertino. A cette occasion, de nouveaux produits et de nouveaux\" \/>\n<meta property=\"og:url\" content=\"https:\/\/www.wel-com.fr\/blog\/keynote-apple-avril-2021-tout-savoir-sur-les-annonces\/\" \/>\n<meta property=\"og:site_name\" content=\"Welcom\" \/>\n<meta property=\"article:publisher\" content=\"https:\/\/www.facebook.com\/welcom.telephonie\/\" \/>\n<meta property=\"article:published_time\" content=\"2021-04-23T07:16:29+00:00\" \/>\n<meta property=\"og:image\" content=\"https:\/\/www.wel-com.fr\/blog\/wp-content\/uploads\/2021\/04\/Apple-Keynote-Avril-2021-nouveautes-produits-services-iphone-mac.png\" \/>\n\t<meta property=\"og:image:width\" content=\"1239\" \/>\n\t<meta property=\"og:image:height\" content=\"493\" \/>\n\t<meta property=\"og:image:type\" content=\"image\/png\" \/>\n<meta name=\"author\" content=\"Nathan\" \/>\n<meta name=\"twitter:card\" content=\"summary_large_image\" \/>\n<meta name=\"twitter:creator\" content=\"@welcom_fr\" \/>\n<meta name=\"twitter:site\" content=\"@welcom_fr\" \/>\n<meta name=\"twitter:label1\" content=\"\u00c9crit par\" \/>\n\t<meta name=\"twitter:data1\" content=\"Nathan\" \/>\n\t<meta name=\"twitter:label2\" content=\"Dur\u00e9e de lecture estim\u00e9e\" \/>\n\t<meta name=\"twitter:data2\" content=\"2 minutes\" \/>\n<script type=\"application\/ld+json\" class=\"yoast-schema-graph\">{\"@context\":\"https:\/\/schema.org\",\"@graph\":[{\"@type\":\"WebPage\",\"@id\":\"https:\/\/www.wel-com.fr\/blog\/keynote-apple-avril-2021-tout-savoir-sur-les-annonces\/\",\"url\":\"https:\/\/www.wel-com.fr\/blog\/keynote-apple-avril-2021-tout-savoir-sur-les-annonces\/\",\"name\":\"Keynote Apple Avril 2021 : Tout savoir sur les annonces ! - Welcom\",\"isPartOf\":{\"@id\":\"https:\/\/www.wel-com.fr\/blog\/#website\"},\"datePublished\":\"2021-04-23T07:16:29+00:00\",\"dateModified\":\"2021-04-23T07:16:29+00:00\",\"author\":{\"@id\":\"https:\/\/www.wel-com.fr\/blog\/#\/schema\/person\/eaac09f93b9154bf230f374c6a43f884\"},\"description\":\"Le mardi 20 Avril 2021 se d\u00e9roulait une conf\u00e9rence en ligne depuis l'Apple Park de Cupertino. A cette occasion, de nouveaux produits et de nouveaux\",\"breadcrumb\":{\"@id\":\"https:\/\/www.wel-com.fr\/blog\/keynote-apple-avril-2021-tout-savoir-sur-les-annonces\/#breadcrumb\"},\"inLanguage\":\"fr-FR\",\"potentialAction\":[{\"@type\":\"ReadAction\",\"target\":[\"https:\/\/www.wel-com.fr\/blog\/keynote-apple-avril-2021-tout-savoir-sur-les-annonces\/\"]}]},{\"@type\":\"BreadcrumbList\",\"@id\":\"https:\/\/www.wel-com.fr\/blog\/keynote-apple-avril-2021-tout-savoir-sur-les-annonces\/#breadcrumb\",\"itemListElement\":[{\"@type\":\"ListItem\",\"position\":1,\"name\":\"Accueil\",\"item\":\"https:\/\/www.wel-com.fr\/blog\/\"},{\"@type\":\"ListItem\",\"position\":2,\"name\":\"Keynote Apple Avril 2021 : Tout savoir sur les annonces !\"}]},{\"@type\":\"WebSite\",\"@id\":\"https:\/\/www.wel-com.fr\/blog\/#website\",\"url\":\"https:\/\/www.wel-com.fr\/blog\/\",\"name\":\"Welcom\",\"description\":\"\",\"potentialAction\":[{\"@type\":\"SearchAction\",\"target\":{\"@type\":\"EntryPoint\",\"urlTemplate\":\"https:\/\/www.wel-com.fr\/blog\/?s={search_term_string}\"},\"query-input\":\"required name=search_term_string\"}],\"inLanguage\":\"fr-FR\"},{\"@type\":\"Person\",\"@id\":\"https:\/\/www.wel-com.fr\/blog\/#\/schema\/person\/eaac09f93b9154bf230f374c6a43f884\",\"name\":\"Nathan\",\"image\":{\"@type\":\"ImageObject\",\"inLanguage\":\"fr-FR\",\"@id\":\"https:\/\/www.wel-com.fr\/blog\/#\/schema\/person\/image\/\",\"url\":\"https:\/\/www.wel-com.fr\/blog\/wp-content\/uploads\/2023\/02\/Avatar-Nathan-150x150.png\",\"contentUrl\":\"https:\/\/www.wel-com.fr\/blog\/wp-content\/uploads\/2023\/02\/Avatar-Nathan-150x150.png\",\"caption\":\"Nathan\"}}]}<\/script>\n<!-- \/ Yoast SEO plugin. -->","yoast_head_json":{"title":"Keynote Apple Avril 2021 : Tout savoir sur les annonces ! - Welcom","description":"Le mardi 20 Avril 2021 se d\u00e9roulait une conf\u00e9rence en ligne depuis l'Apple Park de Cupertino. A cette occasion, de nouveaux produits et de nouveaux","robots":{"index":"index","follow":"follow","max-snippet":"max-snippet:-1","max-image-preview":"max-image-preview:large","max-video-preview":"max-video-preview:-1"},"canonical":"https:\/\/www.wel-com.fr\/blog\/keynote-apple-avril-2021-tout-savoir-sur-les-annonces\/","og_locale":"fr_FR","og_type":"article","og_title":"Keynote Apple Avril 2021 : Tout savoir sur les annonces ! - Welcom","og_description":"Le mardi 20 Avril 2021 se d\u00e9roulait une conf\u00e9rence en ligne depuis l'Apple Park de Cupertino. A cette occasion, de nouveaux produits et de nouveaux","og_url":"https:\/\/www.wel-com.fr\/blog\/keynote-apple-avril-2021-tout-savoir-sur-les-annonces\/","og_site_name":"Welcom","article_publisher":"https:\/\/www.facebook.com\/welcom.telephonie\/","article_published_time":"2021-04-23T07:16:29+00:00","og_image":[{"width":1239,"height":493,"url":"https:\/\/www.wel-com.fr\/blog\/wp-content\/uploads\/2021\/04\/Apple-Keynote-Avril-2021-nouveautes-produits-services-iphone-mac.png","type":"image\/png"}],"author":"Nathan","twitter_card":"summary_large_image","twitter_creator":"@welcom_fr","twitter_site":"@welcom_fr","twitter_misc":{"\u00c9crit par":"Nathan","Dur\u00e9e de lecture estim\u00e9e":"2 minutes"},"schema":{"@context":"https:\/\/schema.org","@graph":[{"@type":"WebPage","@id":"https:\/\/www.wel-com.fr\/blog\/keynote-apple-avril-2021-tout-savoir-sur-les-annonces\/","url":"https:\/\/www.wel-com.fr\/blog\/keynote-apple-avril-2021-tout-savoir-sur-les-annonces\/","name":"Keynote Apple Avril 2021 : Tout savoir sur les annonces ! - Welcom","isPartOf":{"@id":"https:\/\/www.wel-com.fr\/blog\/#website"},"datePublished":"2021-04-23T07:16:29+00:00","dateModified":"2021-04-23T07:16:29+00:00","author":{"@id":"https:\/\/www.wel-com.fr\/blog\/#\/schema\/person\/eaac09f93b9154bf230f374c6a43f884"},"description":"Le mardi 20 Avril 2021 se d\u00e9roulait une conf\u00e9rence en ligne depuis l'Apple Park de Cupertino. A cette occasion, de nouveaux produits et de nouveaux","breadcrumb":{"@id":"https:\/\/www.wel-com.fr\/blog\/keynote-apple-avril-2021-tout-savoir-sur-les-annonces\/#breadcrumb"},"inLanguage":"fr-FR","potentialAction":[{"@type":"ReadAction","target":["https:\/\/www.wel-com.fr\/blog\/keynote-apple-avril-2021-tout-savoir-sur-les-annonces\/"]}]},{"@type":"BreadcrumbList","@id":"https:\/\/www.wel-com.fr\/blog\/keynote-apple-avril-2021-tout-savoir-sur-les-annonces\/#breadcrumb","itemListElement":[{"@type":"ListItem","position":1,"name":"Accueil","item":"https:\/\/www.wel-com.fr\/blog\/"},{"@type":"ListItem","position":2,"name":"Keynote Apple Avril 2021 : Tout savoir sur les annonces !"}]},{"@type":"WebSite","@id":"https:\/\/www.wel-com.fr\/blog\/#website","url":"https:\/\/www.wel-com.fr\/blog\/","name":"Welcom","description":"","potentialAction":[{"@type":"SearchAction","target":{"@type":"EntryPoint","urlTemplate":"https:\/\/www.wel-com.fr\/blog\/?s={search_term_string}"},"query-input":"required name=search_term_string"}],"inLanguage":"fr-FR"},{"@type":"Person","@id":"https:\/\/www.wel-com.fr\/blog\/#\/schema\/person\/eaac09f93b9154bf230f374c6a43f884","name":"Nathan","image":{"@type":"ImageObject","inLanguage":"fr-FR","@id":"https:\/\/www.wel-com.fr\/blog\/#\/schema\/person\/image\/","url":"https:\/\/www.wel-com.fr\/blog\/wp-content\/uploads\/2023\/02\/Avatar-Nathan-150x150.png","contentUrl":"https:\/\/www.wel-com.fr\/blog\/wp-content\/uploads\/2023\/02\/Avatar-Nathan-150x150.png","caption":"Nathan"}}]}},"_links":{"self":[{"href":"https:\/\/www.wel-com.fr\/blog\/wp-json\/wp\/v2\/posts\/5933"}],"collection":[{"href":"https:\/\/www.wel-com.fr\/blog\/wp-json\/wp\/v2\/posts"}],"about":[{"href":"https:\/\/www.wel-com.fr\/blog\/wp-json\/wp\/v2\/types\/post"}],"author":[{"embeddable":true,"href":"https:\/\/www.wel-com.fr\/blog\/wp-json\/wp\/v2\/users\/2"}],"replies":[{"embeddable":true,"href":"https:\/\/www.wel-com.fr\/blog\/wp-json\/wp\/v2\/comments?post=5933"}],"version-history":[{"count":2,"href":"https:\/\/www.wel-com.fr\/blog\/wp-json\/wp\/v2\/posts\/5933\/revisions"}],"predecessor-version":[{"id":5938,"href":"https:\/\/www.wel-com.fr\/blog\/wp-json\/wp\/v2\/posts\/5933\/revisions\/5938"}],"wp:featuredmedia":[{"embeddable":true,"href":"https:\/\/www.wel-com.fr\/blog\/wp-json\/wp\/v2\/media\/5937"}],"wp:attachment":[{"href":"https:\/\/www.wel-com.fr\/blog\/wp-json\/wp\/v2\/media?parent=5933"}],"wp:term":[{"taxonomy":"category","embeddable":true,"href":"https:\/\/www.wel-com.fr\/blog\/wp-json\/wp\/v2\/categories?post=5933"},{"taxonomy":"post_tag","embeddable":true,"href":"https:\/\/www.wel-com.fr\/blog\/wp-json\/wp\/v2\/tags?post=5933"}],"curies":[{"name":"wp","href":"https:\/\/api.w.org\/{rel}","templated":true}]}}