{"id":4366,"date":"2019-08-06T11:32:31","date_gmt":"2019-08-06T09:32:31","guid":{"rendered":"https:\/\/www.wel-com.fr\/blog\/?p=4366"},"modified":"2023-07-21T16:48:41","modified_gmt":"2023-07-21T14:48:41","slug":"iphone-2019-presentation-le-10-septembre-prochain","status":"publish","type":"post","link":"https:\/\/www.wel-com.fr\/blog\/iphone-2019-presentation-le-10-septembre-prochain\/","title":{"rendered":"iPhone 2019 : Pr\u00e9sentation le 10 septembre prochain"},"content":{"rendered":"<p><strong>Comme chaque ann\u00e9e Apple annonce sa nouvelle gamme d&rsquo;iPhone et cette ann\u00e9e la firme devrait annoncer pas moins de trois nouveaux iPhone. Comme toujours les fans auront le droit \u00e0 de nouvelles surprises. Une premi\u00e8re date suppos\u00e9e a \u00e9t\u00e9 d\u00e9voil\u00e9e.\u00a0<\/strong><\/p>\n<h2>Pour une pr\u00e9sentation des iPhone 11 le 10 septembre ?<\/h2>\n<p>Comme chaque ann\u00e9e, Apple pr\u00e9sente tous les ans sa nouvelle gamme d&rsquo;iPhone. Et c&rsquo;est \u00e0 la rentr\u00e9e que la firme devrait lever les voiles sur sur nouveaux mod\u00e8les, mais quand pr\u00e9cis\u00e9ment ?<br \/>\nAu cours des sept derni\u00e8res ann\u00e9e Apple a annonc\u00e9 l&rsquo;iPhone soit la m\u00eame semaine que la f\u00eate du travail le premier lundi de septembre, ou bien la semaine suivante.<br \/>\nVoici un exemple avec le tableau ci-dessous :<\/p>\n<p><img decoding=\"async\" loading=\"lazy\" class=\"aligncenter wp-image-4368\" src=\"https:\/\/www.wel-com.fr\/blog\/wp-content\/uploads\/2019\/08\/Capture-d\u2019e\u0301cran-2019-08-06-a\u0300-10.21.43.png\" alt=\"\" width=\"700\" height=\"222\" srcset=\"https:\/\/www.wel-com.fr\/blog\/wp-content\/uploads\/2019\/08\/Capture-d\u2019e\u0301cran-2019-08-06-a\u0300-10.21.43.png 772w, https:\/\/www.wel-com.fr\/blog\/wp-content\/uploads\/2019\/08\/Capture-d\u2019e\u0301cran-2019-08-06-a\u0300-10.21.43-300x95.png 300w, https:\/\/www.wel-com.fr\/blog\/wp-content\/uploads\/2019\/08\/Capture-d\u2019e\u0301cran-2019-08-06-a\u0300-10.21.43-768x244.png 768w\" sizes=\"(max-width: 700px) 100vw, 700px\" \/><\/p>\n<p>Comme le pr\u00e9dit <a href=\"https:\/\/www.cnet.com\/news\/we-believe-apple-will-announce-the-iphone-11-on-this-day-iphone-11r-iphone-11-max\/\" target=\"_blank\" rel=\"noopener noreferrer\">Cnet<\/a>, les nouveaux iPhone devraient \u00eatre pr\u00e9sent\u00e9s entre le 9 et le 13 septembre, \u00e0 noter que les t\u00e9l\u00e9phones sont habituellement d\u00e9voil\u00e9s apr\u00e8s la f\u00eate du travail par la firme de <a href=\"https:\/\/fr.wikipedia.org\/wiki\/Apple_Park\" target=\"_blank\" rel=\"noopener noreferrer\">Cupertino<\/a>. Autant dire que l&rsquo;\u00e9cart sera r\u00e9duit avec le lancement du tout dernier smartphone de Samsung, le Galaxy Note 10 &#8211; dont l&rsquo;annonce ce ferra le 07\/08\/19.<br \/>\nLa comp\u00e9tition risque d&rsquo;\u00eatre serr\u00e9e, surtout lorsque l&rsquo;on sait que le Huawei Mate 30 Pro serra \u00e9galement de la partie. Les trois leaders du march\u00e9 pr\u00e9parent un \u00e9norme affrontement pour 2019 !<\/p>\n<p>Une annonce qui devrait donc se d\u00e9rouler le 10 septembre avec des pr\u00e9commandes le 13 septembre. Encore une fois ce ne sont que des pr\u00e9dictions, nous attendons avec impatience la grande annonce d&rsquo;Apple.<\/p>\n<p>&nbsp;<\/p>\n<p>&nbsp;<\/p>\n<p>&nbsp;<\/p>\n","protected":false},"excerpt":{"rendered":"<p>Comme chaque ann\u00e9e Apple annonce sa nouvelle gamme d&rsquo;iPhone et cette ann\u00e9e la firme devrait annoncer pas moins de trois nouveaux iPhone. Comme toujours les fans auront le droit \u00e0 de nouvelles surprises. Une premi\u00e8re date suppos\u00e9e a \u00e9t\u00e9 d\u00e9voil\u00e9e.\u00a0 Pour une pr\u00e9sentation des iPhone 11 le 10 septembre ? Comme chaque ann\u00e9e, Apple pr\u00e9sente [&hellip;]<\/p>\n","protected":false},"author":2,"featured_media":4374,"comment_status":"open","ping_status":"open","sticky":false,"template":"","format":"standard","meta":{"content-type":"","_monsterinsights_skip_tracking":false,"_monsterinsights_sitenote_active":false,"_monsterinsights_sitenote_note":"","_monsterinsights_sitenote_category":0},"categories":[3],"tags":[19,59,38,256,250,292,291],"yoast_head":"<!-- This site is optimized with the Yoast SEO plugin v20.7 - https:\/\/yoast.com\/wordpress\/plugins\/seo\/ -->\n<title>iPhone 2019 : Pr\u00e9sentation le 10 septembre prochain - Welcom<\/title>\n<meta name=\"description\" content=\"Comme chaque ann\u00e9e Apple annonce sa nouvelle gamme d&#039;iPhone et cette ann\u00e9e la firme devrait annoncer pas moins de trois nouveaux iPhone. Comme toujours\" \/>\n<meta name=\"robots\" content=\"index, follow, max-snippet:-1, max-image-preview:large, max-video-preview:-1\" \/>\n<link rel=\"canonical\" href=\"https:\/\/www.wel-com.fr\/blog\/iphone-2019-presentation-le-10-septembre-prochain\/\" \/>\n<meta property=\"og:locale\" content=\"fr_FR\" \/>\n<meta property=\"og:type\" content=\"article\" \/>\n<meta property=\"og:title\" content=\"iPhone 2019 : Pr\u00e9sentation le 10 septembre prochain - Welcom\" \/>\n<meta property=\"og:description\" content=\"Comme chaque ann\u00e9e Apple annonce sa nouvelle gamme d&#039;iPhone et cette ann\u00e9e la firme devrait annoncer pas moins de trois nouveaux iPhone. Comme toujours\" \/>\n<meta property=\"og:url\" content=\"https:\/\/www.wel-com.fr\/blog\/iphone-2019-presentation-le-10-septembre-prochain\/\" \/>\n<meta property=\"og:site_name\" content=\"Welcom\" \/>\n<meta property=\"article:publisher\" content=\"https:\/\/www.facebook.com\/welcom.telephonie\/\" \/>\n<meta property=\"article:published_time\" content=\"2019-08-06T09:32:31+00:00\" \/>\n<meta property=\"article:modified_time\" content=\"2023-07-21T14:48:41+00:00\" \/>\n<meta property=\"og:image\" content=\"https:\/\/www.wel-com.fr\/blog\/wp-content\/uploads\/2019\/08\/banner-iphone11-2019-1.png\" \/>\n\t<meta property=\"og:image:width\" content=\"740\" \/>\n\t<meta property=\"og:image:height\" content=\"421\" \/>\n\t<meta property=\"og:image:type\" content=\"image\/png\" \/>\n<meta name=\"author\" content=\"Nathan\" \/>\n<meta name=\"twitter:card\" content=\"summary_large_image\" \/>\n<meta name=\"twitter:creator\" content=\"@welcom_fr\" \/>\n<meta name=\"twitter:site\" content=\"@welcom_fr\" \/>\n<meta name=\"twitter:label1\" content=\"\u00c9crit par\" \/>\n\t<meta name=\"twitter:data1\" content=\"Nathan\" \/>\n\t<meta name=\"twitter:label2\" content=\"Dur\u00e9e de lecture estim\u00e9e\" \/>\n\t<meta name=\"twitter:data2\" content=\"3 minutes\" \/>\n<script type=\"application\/ld+json\" class=\"yoast-schema-graph\">{\"@context\":\"https:\/\/schema.org\",\"@graph\":[{\"@type\":\"WebPage\",\"@id\":\"https:\/\/www.wel-com.fr\/blog\/iphone-2019-presentation-le-10-septembre-prochain\/\",\"url\":\"https:\/\/www.wel-com.fr\/blog\/iphone-2019-presentation-le-10-septembre-prochain\/\",\"name\":\"iPhone 2019 : Pr\u00e9sentation le 10 septembre prochain - Welcom\",\"isPartOf\":{\"@id\":\"https:\/\/www.wel-com.fr\/blog\/#website\"},\"datePublished\":\"2019-08-06T09:32:31+00:00\",\"dateModified\":\"2023-07-21T14:48:41+00:00\",\"author\":{\"@id\":\"https:\/\/www.wel-com.fr\/blog\/#\/schema\/person\/eaac09f93b9154bf230f374c6a43f884\"},\"description\":\"Comme chaque ann\u00e9e Apple annonce sa nouvelle gamme d'iPhone et cette ann\u00e9e la firme devrait annoncer pas moins de trois nouveaux iPhone. Comme toujours\",\"breadcrumb\":{\"@id\":\"https:\/\/www.wel-com.fr\/blog\/iphone-2019-presentation-le-10-septembre-prochain\/#breadcrumb\"},\"inLanguage\":\"fr-FR\",\"potentialAction\":[{\"@type\":\"ReadAction\",\"target\":[\"https:\/\/www.wel-com.fr\/blog\/iphone-2019-presentation-le-10-septembre-prochain\/\"]}]},{\"@type\":\"BreadcrumbList\",\"@id\":\"https:\/\/www.wel-com.fr\/blog\/iphone-2019-presentation-le-10-septembre-prochain\/#breadcrumb\",\"itemListElement\":[{\"@type\":\"ListItem\",\"position\":1,\"name\":\"Accueil\",\"item\":\"https:\/\/www.wel-com.fr\/blog\/\"},{\"@type\":\"ListItem\",\"position\":2,\"name\":\"iPhone 2019 : Pr\u00e9sentation le 10 septembre prochain\"}]},{\"@type\":\"WebSite\",\"@id\":\"https:\/\/www.wel-com.fr\/blog\/#website\",\"url\":\"https:\/\/www.wel-com.fr\/blog\/\",\"name\":\"Welcom\",\"description\":\"\",\"potentialAction\":[{\"@type\":\"SearchAction\",\"target\":{\"@type\":\"EntryPoint\",\"urlTemplate\":\"https:\/\/www.wel-com.fr\/blog\/?s={search_term_string}\"},\"query-input\":\"required name=search_term_string\"}],\"inLanguage\":\"fr-FR\"},{\"@type\":\"Person\",\"@id\":\"https:\/\/www.wel-com.fr\/blog\/#\/schema\/person\/eaac09f93b9154bf230f374c6a43f884\",\"name\":\"Nathan\",\"image\":{\"@type\":\"ImageObject\",\"inLanguage\":\"fr-FR\",\"@id\":\"https:\/\/www.wel-com.fr\/blog\/#\/schema\/person\/image\/\",\"url\":\"https:\/\/www.wel-com.fr\/blog\/wp-content\/uploads\/2023\/02\/Avatar-Nathan-150x150.png\",\"contentUrl\":\"https:\/\/www.wel-com.fr\/blog\/wp-content\/uploads\/2023\/02\/Avatar-Nathan-150x150.png\",\"caption\":\"Nathan\"}}]}<\/script>\n<!-- \/ Yoast SEO plugin. -->","yoast_head_json":{"title":"iPhone 2019 : Pr\u00e9sentation le 10 septembre prochain - Welcom","description":"Comme chaque ann\u00e9e Apple annonce sa nouvelle gamme d'iPhone et cette ann\u00e9e la firme devrait annoncer pas moins de trois nouveaux iPhone. Comme toujours","robots":{"index":"index","follow":"follow","max-snippet":"max-snippet:-1","max-image-preview":"max-image-preview:large","max-video-preview":"max-video-preview:-1"},"canonical":"https:\/\/www.wel-com.fr\/blog\/iphone-2019-presentation-le-10-septembre-prochain\/","og_locale":"fr_FR","og_type":"article","og_title":"iPhone 2019 : Pr\u00e9sentation le 10 septembre prochain - Welcom","og_description":"Comme chaque ann\u00e9e Apple annonce sa nouvelle gamme d'iPhone et cette ann\u00e9e la firme devrait annoncer pas moins de trois nouveaux iPhone. Comme toujours","og_url":"https:\/\/www.wel-com.fr\/blog\/iphone-2019-presentation-le-10-septembre-prochain\/","og_site_name":"Welcom","article_publisher":"https:\/\/www.facebook.com\/welcom.telephonie\/","article_published_time":"2019-08-06T09:32:31+00:00","article_modified_time":"2023-07-21T14:48:41+00:00","og_image":[{"width":740,"height":421,"url":"https:\/\/www.wel-com.fr\/blog\/wp-content\/uploads\/2019\/08\/banner-iphone11-2019-1.png","type":"image\/png"}],"author":"Nathan","twitter_card":"summary_large_image","twitter_creator":"@welcom_fr","twitter_site":"@welcom_fr","twitter_misc":{"\u00c9crit par":"Nathan","Dur\u00e9e de lecture estim\u00e9e":"3 minutes"},"schema":{"@context":"https:\/\/schema.org","@graph":[{"@type":"WebPage","@id":"https:\/\/www.wel-com.fr\/blog\/iphone-2019-presentation-le-10-septembre-prochain\/","url":"https:\/\/www.wel-com.fr\/blog\/iphone-2019-presentation-le-10-septembre-prochain\/","name":"iPhone 2019 : Pr\u00e9sentation le 10 septembre prochain - Welcom","isPartOf":{"@id":"https:\/\/www.wel-com.fr\/blog\/#website"},"datePublished":"2019-08-06T09:32:31+00:00","dateModified":"2023-07-21T14:48:41+00:00","author":{"@id":"https:\/\/www.wel-com.fr\/blog\/#\/schema\/person\/eaac09f93b9154bf230f374c6a43f884"},"description":"Comme chaque ann\u00e9e Apple annonce sa nouvelle gamme d'iPhone et cette ann\u00e9e la firme devrait annoncer pas moins de trois nouveaux iPhone. Comme toujours","breadcrumb":{"@id":"https:\/\/www.wel-com.fr\/blog\/iphone-2019-presentation-le-10-septembre-prochain\/#breadcrumb"},"inLanguage":"fr-FR","potentialAction":[{"@type":"ReadAction","target":["https:\/\/www.wel-com.fr\/blog\/iphone-2019-presentation-le-10-septembre-prochain\/"]}]},{"@type":"BreadcrumbList","@id":"https:\/\/www.wel-com.fr\/blog\/iphone-2019-presentation-le-10-septembre-prochain\/#breadcrumb","itemListElement":[{"@type":"ListItem","position":1,"name":"Accueil","item":"https:\/\/www.wel-com.fr\/blog\/"},{"@type":"ListItem","position":2,"name":"iPhone 2019 : Pr\u00e9sentation le 10 septembre prochain"}]},{"@type":"WebSite","@id":"https:\/\/www.wel-com.fr\/blog\/#website","url":"https:\/\/www.wel-com.fr\/blog\/","name":"Welcom","description":"","potentialAction":[{"@type":"SearchAction","target":{"@type":"EntryPoint","urlTemplate":"https:\/\/www.wel-com.fr\/blog\/?s={search_term_string}"},"query-input":"required name=search_term_string"}],"inLanguage":"fr-FR"},{"@type":"Person","@id":"https:\/\/www.wel-com.fr\/blog\/#\/schema\/person\/eaac09f93b9154bf230f374c6a43f884","name":"Nathan","image":{"@type":"ImageObject","inLanguage":"fr-FR","@id":"https:\/\/www.wel-com.fr\/blog\/#\/schema\/person\/image\/","url":"https:\/\/www.wel-com.fr\/blog\/wp-content\/uploads\/2023\/02\/Avatar-Nathan-150x150.png","contentUrl":"https:\/\/www.wel-com.fr\/blog\/wp-content\/uploads\/2023\/02\/Avatar-Nathan-150x150.png","caption":"Nathan"}}]}},"_links":{"self":[{"href":"https:\/\/www.wel-com.fr\/blog\/wp-json\/wp\/v2\/posts\/4366"}],"collection":[{"href":"https:\/\/www.wel-com.fr\/blog\/wp-json\/wp\/v2\/posts"}],"about":[{"href":"https:\/\/www.wel-com.fr\/blog\/wp-json\/wp\/v2\/types\/post"}],"author":[{"embeddable":true,"href":"https:\/\/www.wel-com.fr\/blog\/wp-json\/wp\/v2\/users\/2"}],"replies":[{"embeddable":true,"href":"https:\/\/www.wel-com.fr\/blog\/wp-json\/wp\/v2\/comments?post=4366"}],"version-history":[{"count":6,"href":"https:\/\/www.wel-com.fr\/blog\/wp-json\/wp\/v2\/posts\/4366\/revisions"}],"predecessor-version":[{"id":8853,"href":"https:\/\/www.wel-com.fr\/blog\/wp-json\/wp\/v2\/posts\/4366\/revisions\/8853"}],"wp:featuredmedia":[{"embeddable":true,"href":"https:\/\/www.wel-com.fr\/blog\/wp-json\/wp\/v2\/media\/4374"}],"wp:attachment":[{"href":"https:\/\/www.wel-com.fr\/blog\/wp-json\/wp\/v2\/media?parent=4366"}],"wp:term":[{"taxonomy":"category","embeddable":true,"href":"https:\/\/www.wel-com.fr\/blog\/wp-json\/wp\/v2\/categories?post=4366"},{"taxonomy":"post_tag","embeddable":true,"href":"https:\/\/www.wel-com.fr\/blog\/wp-json\/wp\/v2\/tags?post=4366"}],"curies":[{"name":"wp","href":"https:\/\/api.w.org\/{rel}","templated":true}]}}