{"id":3849,"date":"2019-03-26T11:37:04","date_gmt":"2019-03-26T10:37:04","guid":{"rendered":"https:\/\/www.wel-com.fr\/blog\/?p=3849"},"modified":"2019-03-26T14:10:25","modified_gmt":"2019-03-26T13:10:25","slug":"huawei-p30-p30-pro-direct-conference","status":"publish","type":"post","link":"https:\/\/www.wel-com.fr\/blog\/huawei-p30-p30-pro-direct-conference\/","title":{"rendered":"? Huawei P30 \/ P30 Pro : Suivez la conf\u00e9rence en direct ?"},"content":{"rendered":"<p><b>C&rsquo;est le grand jour pour Huawei. Le constructeur chinois a choisi la date du mardi 26 mars et une ville, Paris, pour pr\u00e9senter au monde entier ses nouveaux P30 et P30 Pro.<\/b><\/p>\n<p>Le marque chinoise a r\u00e9alis\u00e9 une belle ann\u00e9e 2018 avec les\u00a0P20 Pro\u00a0et\u00a0Mate 20 Pro, et s\u2019est impos\u00e9\u00a0comme le constructeur num\u00e9ro 2 du march\u00e9.<br \/>\nLe P30 Pro sera la grande star de cette conf\u00e9rence. Le smartphone a d\u00e9j\u00e0 fait\u00a0l\u2019objet de plusieurs fuites, et devrait notamment int\u00e9grer\u00a0un impressionnant zoom photo x10 gr\u00e2ce \u00e0 ses 4 capteurs photo.<\/p>\n<h2><strong>SUIVRE LA CONF\u00c9RENCE :\u00a0<\/strong><\/h2>\n<p>Suivez en direct la conf\u00e9rence ci-dessous d\u00e8s\u00a0<b>14H.\u00a0<\/b><\/p>\n<p><iframe loading=\"lazy\" src=\"https:\/\/www.youtube.com\/embed\/VX-bbsKIKFs\" width=\"560\" height=\"315\" frameborder=\"0\" allowfullscreen=\"allowfullscreen\"><\/iframe><br \/>\n&nbsp;<\/p>\n<hr \/>\n<h2 style=\"text-align: center;\"><strong>POUR NE RIEN RATER DE NOS PROCHAINES ASTUCES MOBILES, RESTEZ BRANCH\u00c9S SUR\u00a0<a href=\"https:\/\/www.wel-com.fr\/blog\/\">WELCOM\u2019 NEWS<\/a>\u00a0!<\/strong><\/h2>\n<p style=\"text-align: center;\"><strong>Retrouvez-nous les r\u00e9seaux sociaux !<\/strong><\/p>\n<h2 class=\"alignnone\" style=\"text-align: center;\"><a href=\"https:\/\/www.facebook.com\/welcom.telephonie\/\" target=\"_blank\" rel=\"noopener\"><strong><img decoding=\"async\" loading=\"lazy\" class=\"alignnone wp-image-2171\" title=\"facebook-icon\" src=\"https:\/\/www.wel-com.fr\/blog\/wp-content\/uploads\/2018\/03\/facebook.png\" sizes=\"(max-width: 70px) 100vw, 70px\" srcset=\"https:\/\/www.wel-com.fr\/blog\/wp-content\/uploads\/2018\/03\/facebook.png 512w, https:\/\/www.wel-com.fr\/blog\/wp-content\/uploads\/2018\/03\/facebook-150x150.png 150w, https:\/\/www.wel-com.fr\/blog\/wp-content\/uploads\/2018\/03\/facebook-300x300.png 300w, https:\/\/www.wel-com.fr\/blog\/wp-content\/uploads\/2018\/03\/facebook-630x630.png 630w\" alt=\"facebook-icon\" width=\"70\" height=\"70\" \/><\/strong><\/a><strong>\u00a0\u00a0<a href=\"https:\/\/twitter.com\/welcom_fr\" target=\"_blank\" rel=\"noopener\"><img decoding=\"async\" loading=\"lazy\" class=\"alignnone wp-image-2170\" title=\"twitter-icon\" src=\"https:\/\/www.wel-com.fr\/blog\/wp-content\/uploads\/2018\/03\/twitter.png\" sizes=\"(max-width: 70px) 100vw, 70px\" srcset=\"https:\/\/www.wel-com.fr\/blog\/wp-content\/uploads\/2018\/03\/twitter.png 512w, https:\/\/www.wel-com.fr\/blog\/wp-content\/uploads\/2018\/03\/twitter-150x150.png 150w, https:\/\/www.wel-com.fr\/blog\/wp-content\/uploads\/2018\/03\/twitter-300x300.png 300w, https:\/\/www.wel-com.fr\/blog\/wp-content\/uploads\/2018\/03\/twitter-630x630.png 630w\" alt=\"twitter-icon\" width=\"70\" height=\"70\" \/><\/a>\u00a0\u00a0<a href=\"https:\/\/www.youtube.com\/channel\/UCzE10j8vRxSEVubF8gqt-5Q\" target=\"_blank\" rel=\"noopener\"><img decoding=\"async\" loading=\"lazy\" class=\"alignnone wp-image-2172\" title=\"youtube-icon\" src=\"https:\/\/www.wel-com.fr\/blog\/wp-content\/uploads\/2018\/03\/youtube.png\" sizes=\"(max-width: 70px) 100vw, 70px\" srcset=\"https:\/\/www.wel-com.fr\/blog\/wp-content\/uploads\/2018\/03\/youtube.png 512w, https:\/\/www.wel-com.fr\/blog\/wp-content\/uploads\/2018\/03\/youtube-150x150.png 150w, https:\/\/www.wel-com.fr\/blog\/wp-content\/uploads\/2018\/03\/youtube-300x300.png 300w, https:\/\/www.wel-com.fr\/blog\/wp-content\/uploads\/2018\/03\/youtube-630x630.png 630w\" alt=\"youtube-icon\" width=\"70\" height=\"70\" \/><\/a>\u00a0 \u00a0\u00a0<a href=\"https:\/\/www.linkedin.com\/company\/10080146\" target=\"_blank\" rel=\"noopener\"><img decoding=\"async\" loading=\"lazy\" class=\"alignnone wp-image-2173\" title=\"linkedin-icon\" src=\"https:\/\/www.wel-com.fr\/blog\/wp-content\/uploads\/2018\/03\/linkedin.png\" sizes=\"(max-width: 70px) 100vw, 70px\" srcset=\"https:\/\/www.wel-com.fr\/blog\/wp-content\/uploads\/2018\/03\/linkedin.png 512w, https:\/\/www.wel-com.fr\/blog\/wp-content\/uploads\/2018\/03\/linkedin-150x150.png 150w, https:\/\/www.wel-com.fr\/blog\/wp-content\/uploads\/2018\/03\/linkedin-300x300.png 300w, https:\/\/www.wel-com.fr\/blog\/wp-content\/uploads\/2018\/03\/linkedin-630x630.png 630w\" alt=\"linkedin-icon\" width=\"70\" height=\"70\" \/><\/a>\u00a0<\/strong><a href=\"https:\/\/www.instagram.com\/welcom_fr\/\" target=\"_blank\" rel=\"noopener\"><img decoding=\"async\" loading=\"lazy\" class=\"wp-image-3225 alignnone\" title=\"instagram-icon\" src=\"https:\/\/www.wel-com.fr\/blog\/wp-content\/uploads\/2018\/08\/instagram-1.png\" sizes=\"(max-width: 70px) 100vw, 70px\" srcset=\"https:\/\/www.wel-com.fr\/blog\/wp-content\/uploads\/2018\/08\/instagram-1.png 512w, https:\/\/www.wel-com.fr\/blog\/wp-content\/uploads\/2018\/08\/instagram-1-150x150.png 150w, https:\/\/www.wel-com.fr\/blog\/wp-content\/uploads\/2018\/08\/instagram-1-300x300.png 300w, https:\/\/www.wel-com.fr\/blog\/wp-content\/uploads\/2018\/08\/instagram-1-630x630.png 630w\" alt=\"instagram-icon\" width=\"70\" height=\"70\" \/><\/a><\/h2>\n<p>&nbsp;<\/p>\n","protected":false},"excerpt":{"rendered":"<p>C&rsquo;est le grand jour pour Huawei. Le constructeur chinois a choisi la date du mardi 26 mars et une ville, Paris, pour pr\u00e9senter au monde entier ses nouveaux P30 et P30 Pro. Le marque chinoise a r\u00e9alis\u00e9 une belle ann\u00e9e 2018 avec les\u00a0P20 Pro\u00a0et\u00a0Mate 20 Pro, et s\u2019est impos\u00e9\u00a0comme le constructeur num\u00e9ro 2 du march\u00e9. [&hellip;]<\/p>\n","protected":false},"author":2,"featured_media":3851,"comment_status":"open","ping_status":"open","sticky":false,"template":"","format":"standard","meta":{"content-type":"","_monsterinsights_skip_tracking":false,"_monsterinsights_sitenote_active":false,"_monsterinsights_sitenote_note":"","_monsterinsights_sitenote_category":0},"categories":[3],"tags":[],"yoast_head":"<!-- This site is optimized with the Yoast SEO plugin v20.7 - https:\/\/yoast.com\/wordpress\/plugins\/seo\/ -->\n<title>Huawei P30 \/ P30 Pro : Suivez la conf\u00e9rence en direct<\/title>\n<meta name=\"description\" content=\"C&#039;est le grand jour pour Huawei. Suivez en direct l&#039;annonce des deux nouveaux mod\u00e8les Huawei P30 \/ P30 Pro en direct de Paris, d\u00e8s 14h00.\" \/>\n<meta name=\"robots\" content=\"index, follow, max-snippet:-1, max-image-preview:large, max-video-preview:-1\" \/>\n<link rel=\"canonical\" href=\"https:\/\/www.wel-com.fr\/blog\/huawei-p30-p30-pro-direct-conference\/\" \/>\n<meta property=\"og:locale\" content=\"fr_FR\" \/>\n<meta property=\"og:type\" content=\"article\" \/>\n<meta property=\"og:title\" content=\"Huawei P30 \/ P30 Pro : Suivez la conf\u00e9rence en direct\" \/>\n<meta property=\"og:description\" content=\"C&#039;est le grand jour pour Huawei. Suivez en direct l&#039;annonce des deux nouveaux mod\u00e8les Huawei P30 \/ P30 Pro en direct de Paris, d\u00e8s 14h00.\" \/>\n<meta property=\"og:url\" content=\"https:\/\/www.wel-com.fr\/blog\/huawei-p30-p30-pro-direct-conference\/\" \/>\n<meta property=\"og:site_name\" content=\"Welcom\" \/>\n<meta property=\"article:publisher\" content=\"https:\/\/www.facebook.com\/welcom.telephonie\/\" \/>\n<meta property=\"article:published_time\" content=\"2019-03-26T10:37:04+00:00\" \/>\n<meta property=\"article:modified_time\" content=\"2019-03-26T13:10:25+00:00\" \/>\n<meta property=\"og:image\" content=\"https:\/\/www.wel-com.fr\/blog\/wp-content\/uploads\/2019\/03\/huawei-p30-presentation.jpg\" \/>\n\t<meta property=\"og:image:width\" content=\"1280\" \/>\n\t<meta property=\"og:image:height\" content=\"720\" \/>\n\t<meta property=\"og:image:type\" content=\"image\/jpeg\" \/>\n<meta name=\"author\" content=\"Nathan\" \/>\n<meta name=\"twitter:card\" content=\"summary_large_image\" \/>\n<meta name=\"twitter:creator\" content=\"@welcom_fr\" \/>\n<meta name=\"twitter:site\" content=\"@welcom_fr\" \/>\n<meta name=\"twitter:label1\" content=\"\u00c9crit par\" \/>\n\t<meta name=\"twitter:data1\" content=\"Nathan\" \/>\n\t<meta name=\"twitter:label2\" content=\"Dur\u00e9e de lecture estim\u00e9e\" \/>\n\t<meta name=\"twitter:data2\" content=\"1 minute\" \/>\n<script type=\"application\/ld+json\" class=\"yoast-schema-graph\">{\"@context\":\"https:\/\/schema.org\",\"@graph\":[{\"@type\":\"WebPage\",\"@id\":\"https:\/\/www.wel-com.fr\/blog\/huawei-p30-p30-pro-direct-conference\/\",\"url\":\"https:\/\/www.wel-com.fr\/blog\/huawei-p30-p30-pro-direct-conference\/\",\"name\":\"Huawei P30 \/ P30 Pro : Suivez la conf\u00e9rence en direct\",\"isPartOf\":{\"@id\":\"https:\/\/www.wel-com.fr\/blog\/#website\"},\"datePublished\":\"2019-03-26T10:37:04+00:00\",\"dateModified\":\"2019-03-26T13:10:25+00:00\",\"author\":{\"@id\":\"https:\/\/www.wel-com.fr\/blog\/#\/schema\/person\/eaac09f93b9154bf230f374c6a43f884\"},\"description\":\"C'est le grand jour pour Huawei. Suivez en direct l'annonce des deux nouveaux mod\u00e8les Huawei P30 \/ P30 Pro en direct de Paris, d\u00e8s 14h00.\",\"breadcrumb\":{\"@id\":\"https:\/\/www.wel-com.fr\/blog\/huawei-p30-p30-pro-direct-conference\/#breadcrumb\"},\"inLanguage\":\"fr-FR\",\"potentialAction\":[{\"@type\":\"ReadAction\",\"target\":[\"https:\/\/www.wel-com.fr\/blog\/huawei-p30-p30-pro-direct-conference\/\"]}]},{\"@type\":\"BreadcrumbList\",\"@id\":\"https:\/\/www.wel-com.fr\/blog\/huawei-p30-p30-pro-direct-conference\/#breadcrumb\",\"itemListElement\":[{\"@type\":\"ListItem\",\"position\":1,\"name\":\"Accueil\",\"item\":\"https:\/\/www.wel-com.fr\/blog\/\"},{\"@type\":\"ListItem\",\"position\":2,\"name\":\"? Huawei P30 \/ P30 Pro : Suivez la conf\u00e9rence en direct ?\"}]},{\"@type\":\"WebSite\",\"@id\":\"https:\/\/www.wel-com.fr\/blog\/#website\",\"url\":\"https:\/\/www.wel-com.fr\/blog\/\",\"name\":\"Welcom\",\"description\":\"\",\"potentialAction\":[{\"@type\":\"SearchAction\",\"target\":{\"@type\":\"EntryPoint\",\"urlTemplate\":\"https:\/\/www.wel-com.fr\/blog\/?s={search_term_string}\"},\"query-input\":\"required name=search_term_string\"}],\"inLanguage\":\"fr-FR\"},{\"@type\":\"Person\",\"@id\":\"https:\/\/www.wel-com.fr\/blog\/#\/schema\/person\/eaac09f93b9154bf230f374c6a43f884\",\"name\":\"Nathan\",\"image\":{\"@type\":\"ImageObject\",\"inLanguage\":\"fr-FR\",\"@id\":\"https:\/\/www.wel-com.fr\/blog\/#\/schema\/person\/image\/\",\"url\":\"https:\/\/www.wel-com.fr\/blog\/wp-content\/uploads\/2023\/02\/Avatar-Nathan-150x150.png\",\"contentUrl\":\"https:\/\/www.wel-com.fr\/blog\/wp-content\/uploads\/2023\/02\/Avatar-Nathan-150x150.png\",\"caption\":\"Nathan\"}}]}<\/script>\n<!-- \/ Yoast SEO plugin. -->","yoast_head_json":{"title":"Huawei P30 \/ P30 Pro : Suivez la conf\u00e9rence en direct","description":"C'est le grand jour pour Huawei. Suivez en direct l'annonce des deux nouveaux mod\u00e8les Huawei P30 \/ P30 Pro en direct de Paris, d\u00e8s 14h00.","robots":{"index":"index","follow":"follow","max-snippet":"max-snippet:-1","max-image-preview":"max-image-preview:large","max-video-preview":"max-video-preview:-1"},"canonical":"https:\/\/www.wel-com.fr\/blog\/huawei-p30-p30-pro-direct-conference\/","og_locale":"fr_FR","og_type":"article","og_title":"Huawei P30 \/ P30 Pro : Suivez la conf\u00e9rence en direct","og_description":"C'est le grand jour pour Huawei. Suivez en direct l'annonce des deux nouveaux mod\u00e8les Huawei P30 \/ P30 Pro en direct de Paris, d\u00e8s 14h00.","og_url":"https:\/\/www.wel-com.fr\/blog\/huawei-p30-p30-pro-direct-conference\/","og_site_name":"Welcom","article_publisher":"https:\/\/www.facebook.com\/welcom.telephonie\/","article_published_time":"2019-03-26T10:37:04+00:00","article_modified_time":"2019-03-26T13:10:25+00:00","og_image":[{"width":1280,"height":720,"url":"https:\/\/www.wel-com.fr\/blog\/wp-content\/uploads\/2019\/03\/huawei-p30-presentation.jpg","type":"image\/jpeg"}],"author":"Nathan","twitter_card":"summary_large_image","twitter_creator":"@welcom_fr","twitter_site":"@welcom_fr","twitter_misc":{"\u00c9crit par":"Nathan","Dur\u00e9e de lecture estim\u00e9e":"1 minute"},"schema":{"@context":"https:\/\/schema.org","@graph":[{"@type":"WebPage","@id":"https:\/\/www.wel-com.fr\/blog\/huawei-p30-p30-pro-direct-conference\/","url":"https:\/\/www.wel-com.fr\/blog\/huawei-p30-p30-pro-direct-conference\/","name":"Huawei P30 \/ P30 Pro : Suivez la conf\u00e9rence en direct","isPartOf":{"@id":"https:\/\/www.wel-com.fr\/blog\/#website"},"datePublished":"2019-03-26T10:37:04+00:00","dateModified":"2019-03-26T13:10:25+00:00","author":{"@id":"https:\/\/www.wel-com.fr\/blog\/#\/schema\/person\/eaac09f93b9154bf230f374c6a43f884"},"description":"C'est le grand jour pour Huawei. Suivez en direct l'annonce des deux nouveaux mod\u00e8les Huawei P30 \/ P30 Pro en direct de Paris, d\u00e8s 14h00.","breadcrumb":{"@id":"https:\/\/www.wel-com.fr\/blog\/huawei-p30-p30-pro-direct-conference\/#breadcrumb"},"inLanguage":"fr-FR","potentialAction":[{"@type":"ReadAction","target":["https:\/\/www.wel-com.fr\/blog\/huawei-p30-p30-pro-direct-conference\/"]}]},{"@type":"BreadcrumbList","@id":"https:\/\/www.wel-com.fr\/blog\/huawei-p30-p30-pro-direct-conference\/#breadcrumb","itemListElement":[{"@type":"ListItem","position":1,"name":"Accueil","item":"https:\/\/www.wel-com.fr\/blog\/"},{"@type":"ListItem","position":2,"name":"? Huawei P30 \/ P30 Pro : Suivez la conf\u00e9rence en direct ?"}]},{"@type":"WebSite","@id":"https:\/\/www.wel-com.fr\/blog\/#website","url":"https:\/\/www.wel-com.fr\/blog\/","name":"Welcom","description":"","potentialAction":[{"@type":"SearchAction","target":{"@type":"EntryPoint","urlTemplate":"https:\/\/www.wel-com.fr\/blog\/?s={search_term_string}"},"query-input":"required name=search_term_string"}],"inLanguage":"fr-FR"},{"@type":"Person","@id":"https:\/\/www.wel-com.fr\/blog\/#\/schema\/person\/eaac09f93b9154bf230f374c6a43f884","name":"Nathan","image":{"@type":"ImageObject","inLanguage":"fr-FR","@id":"https:\/\/www.wel-com.fr\/blog\/#\/schema\/person\/image\/","url":"https:\/\/www.wel-com.fr\/blog\/wp-content\/uploads\/2023\/02\/Avatar-Nathan-150x150.png","contentUrl":"https:\/\/www.wel-com.fr\/blog\/wp-content\/uploads\/2023\/02\/Avatar-Nathan-150x150.png","caption":"Nathan"}}]}},"_links":{"self":[{"href":"https:\/\/www.wel-com.fr\/blog\/wp-json\/wp\/v2\/posts\/3849"}],"collection":[{"href":"https:\/\/www.wel-com.fr\/blog\/wp-json\/wp\/v2\/posts"}],"about":[{"href":"https:\/\/www.wel-com.fr\/blog\/wp-json\/wp\/v2\/types\/post"}],"author":[{"embeddable":true,"href":"https:\/\/www.wel-com.fr\/blog\/wp-json\/wp\/v2\/users\/2"}],"replies":[{"embeddable":true,"href":"https:\/\/www.wel-com.fr\/blog\/wp-json\/wp\/v2\/comments?post=3849"}],"version-history":[{"count":8,"href":"https:\/\/www.wel-com.fr\/blog\/wp-json\/wp\/v2\/posts\/3849\/revisions"}],"predecessor-version":[{"id":3859,"href":"https:\/\/www.wel-com.fr\/blog\/wp-json\/wp\/v2\/posts\/3849\/revisions\/3859"}],"wp:featuredmedia":[{"embeddable":true,"href":"https:\/\/www.wel-com.fr\/blog\/wp-json\/wp\/v2\/media\/3851"}],"wp:attachment":[{"href":"https:\/\/www.wel-com.fr\/blog\/wp-json\/wp\/v2\/media?parent=3849"}],"wp:term":[{"taxonomy":"category","embeddable":true,"href":"https:\/\/www.wel-com.fr\/blog\/wp-json\/wp\/v2\/categories?post=3849"},{"taxonomy":"post_tag","embeddable":true,"href":"https:\/\/www.wel-com.fr\/blog\/wp-json\/wp\/v2\/tags?post=3849"}],"curies":[{"name":"wp","href":"https:\/\/api.w.org\/{rel}","templated":true}]}}