{"id":3593,"date":"2018-12-10T16:28:19","date_gmt":"2018-12-10T15:28:19","guid":{"rendered":"https:\/\/www.wel-com.fr\/blog\/?p=3593"},"modified":"2023-07-21T10:00:10","modified_gmt":"2023-07-21T08:00:10","slug":"samsung-galaxy-a8s-officialise","status":"publish","type":"post","link":"https:\/\/www.wel-com.fr\/blog\/samsung-galaxy-a8s-officialise\/","title":{"rendered":"Le Samsung Galaxy A8s officialis\u00e9"},"content":{"rendered":"<p><strong>Samsung<\/strong>\u00a0d\u00e9voile enfin son\u00a0<strong>Galaxy A8s<\/strong>,\u00a0faisant de ce dernier le premier smartphone de la marque avec un trou dans l\u2019\u00e9cran.<\/p>\n<p><img decoding=\"async\" loading=\"lazy\" class=\"aligncenter wp-image-3597\" src=\"https:\/\/www.wel-com.fr\/blog\/wp-content\/uploads\/2018\/12\/samsung-galaxy-a8s.png\" alt=\"\" width=\"409\" height=\"324\" srcset=\"https:\/\/www.wel-com.fr\/blog\/wp-content\/uploads\/2018\/12\/samsung-galaxy-a8s.png 575w, https:\/\/www.wel-com.fr\/blog\/wp-content\/uploads\/2018\/12\/samsung-galaxy-a8s-300x238.png 300w\" sizes=\"(max-width: 409px) 100vw, 409px\" \/><\/p>\n<h2>Premier aper\u00e7u de la fiche technique :<\/h2>\n<p>En allant sur le site de Samsung Chine, on peut d\u00e9couvrir la page officielle du t\u00e9l\u00e9phone. Le site est en chinois mais cela ne nous emp\u00eache pas de confirmer plusieurs informations sur la fiche technique :<\/p>\n<ul>\n<li>Un \u00e9cran Infinity-O de 6.4 pouces au ratio 19,5:9 avec un trou situ\u00e9 en haut \u00e0 gauche<\/li>\n<li>Snapdragon 710<\/li>\n<li>6 ou 8 Go de RAM<\/li>\n<li>Un espace de stockage de 128 Go<\/li>\n<li>Android 8.1 Oreo<\/li>\n<li>Lecteur d&#8217;empreintes au dos<\/li>\n<li>Port USB-C<\/li>\n<li>Pas de prise jack 3,5mm<\/li>\n<\/ul>\n<p>Cot\u00e9 photo, nous retrouvons un triple capteur \u00e0 l&rsquo;arri\u00e8re avec un objectif principal de 24 MP (f\/1,7).<br \/>\nLe second capteur \u00e0 quand \u00e0 lui une r\u00e9solution de 5 MP (f\/2,2) pour g\u00e9rer la profondeur de champ.<br \/>\nEnfin, le dernier capteur du trio est un t\u00e9l\u00e9objectif de 10 MP (zoom x2).<\/p>\n<p>&nbsp;<\/p>\n<p><img decoding=\"async\" loading=\"lazy\" class=\"aligncenter wp-image-3598\" src=\"https:\/\/www.wel-com.fr\/blog\/wp-content\/uploads\/2018\/12\/img-7-b.jpg\" alt=\"\" width=\"409\" height=\"349\" srcset=\"https:\/\/www.wel-com.fr\/blog\/wp-content\/uploads\/2018\/12\/img-7-b.jpg 1217w, https:\/\/www.wel-com.fr\/blog\/wp-content\/uploads\/2018\/12\/img-7-b-300x256.jpg 300w, https:\/\/www.wel-com.fr\/blog\/wp-content\/uploads\/2018\/12\/img-7-b-768x656.jpg 768w, https:\/\/www.wel-com.fr\/blog\/wp-content\/uploads\/2018\/12\/img-7-b-1024x874.jpg 1024w\" sizes=\"(max-width: 409px) 100vw, 409px\" \/><\/p>\n<p style=\"text-align: center;\">Le Galaxy A8s se d\u00e9cline en trois coloris : Vert fonc\u00e9, bleu et gris.<\/p>\n<p><img decoding=\"async\" loading=\"lazy\" class=\"wp-image-3594 aligncenter\" src=\"https:\/\/www.wel-com.fr\/blog\/wp-content\/uploads\/2018\/12\/Capture-d\u2019e\u0301cran-2018-12-10-a\u0300-15.40.18.png\" alt=\"\" width=\"412\" height=\"313\" srcset=\"https:\/\/www.wel-com.fr\/blog\/wp-content\/uploads\/2018\/12\/Capture-d\u2019e\u0301cran-2018-12-10-a\u0300-15.40.18.png 865w, https:\/\/www.wel-com.fr\/blog\/wp-content\/uploads\/2018\/12\/Capture-d\u2019e\u0301cran-2018-12-10-a\u0300-15.40.18-300x228.png 300w, https:\/\/www.wel-com.fr\/blog\/wp-content\/uploads\/2018\/12\/Capture-d\u2019e\u0301cran-2018-12-10-a\u0300-15.40.18-768x582.png 768w\" sizes=\"(max-width: 412px) 100vw, 412px\" \/><\/p>\n<h2><\/h2>\n<h2>Samsung VS Huawei &amp; Honor<\/h2>\n<p>Le <strong>Galaxy A8s<\/strong> \u00e0 r\u00e9ussi \u00e0 devancer le <strong>Huawei Nova 4<\/strong> pour \u00eatre le premier smartphone \u00e0 \u00e9cran perc\u00e9 du march\u00e9.<br \/>\nLe <strong>Honor View 20<\/strong> \u00e0 lui aussi \u00e9t\u00e9 pr\u00e9sent\u00e9 aujourd&rsquo;hui, avec (lui aussi) un \u00e9cran perc\u00e9, il dispute donc son titre avec le Galaxy A8s.<\/p>\n<p>Il ne nous manque plus qu&rsquo;\u00e0 savoir quand est-ce que ces deux smartphones vont \u00eatre commercialis\u00e9s.<\/p>\n<p>&nbsp;<\/p>\n<p><img decoding=\"async\" loading=\"lazy\" class=\"wp-image-3600 aligncenter\" src=\"https:\/\/www.wel-com.fr\/blog\/wp-content\/uploads\/2018\/12\/img-5-b.jpg\" alt=\"\" width=\"441\" height=\"322\" srcset=\"https:\/\/www.wel-com.fr\/blog\/wp-content\/uploads\/2018\/12\/img-5-b.jpg 1214w, https:\/\/www.wel-com.fr\/blog\/wp-content\/uploads\/2018\/12\/img-5-b-300x219.jpg 300w, https:\/\/www.wel-com.fr\/blog\/wp-content\/uploads\/2018\/12\/img-5-b-768x561.jpg 768w, https:\/\/www.wel-com.fr\/blog\/wp-content\/uploads\/2018\/12\/img-5-b-1024x748.jpg 1024w\" sizes=\"(max-width: 441px) 100vw, 441px\" \/><\/p>\n","protected":false},"excerpt":{"rendered":"<p>Samsung\u00a0d\u00e9voile enfin son\u00a0Galaxy A8s,\u00a0faisant de ce dernier le premier smartphone de la marque avec un trou dans l\u2019\u00e9cran. Premier aper\u00e7u de la fiche technique : En allant sur le site de Samsung Chine, on peut d\u00e9couvrir la page officielle du t\u00e9l\u00e9phone. Le site est en chinois mais cela ne nous emp\u00eache pas de confirmer plusieurs [&hellip;]<\/p>\n","protected":false},"author":2,"featured_media":3604,"comment_status":"open","ping_status":"open","sticky":false,"template":"","format":"standard","meta":{"content-type":"","_monsterinsights_skip_tracking":false,"_monsterinsights_sitenote_active":false,"_monsterinsights_sitenote_note":"","_monsterinsights_sitenote_category":0},"categories":[3],"tags":[],"yoast_head":"<!-- This site is optimized with the Yoast SEO plugin v20.7 - https:\/\/yoast.com\/wordpress\/plugins\/seo\/ -->\n<title>Le Samsung Galaxy A8s officialis\u00e9 : D\u00e9couvrez ses fonctionnalit\u00e9s<\/title>\n<meta name=\"description\" content=\"Samsung\u00a0d\u00e9voile enfin son\u00a0Galaxy A8s,\u00a0faisant de ce dernier le premier smartphone de la marque avec un trou dans l\u2019\u00e9cran.\" \/>\n<meta name=\"robots\" content=\"index, follow, max-snippet:-1, max-image-preview:large, max-video-preview:-1\" \/>\n<link rel=\"canonical\" href=\"https:\/\/www.wel-com.fr\/blog\/samsung-galaxy-a8s-officialise\/\" \/>\n<meta property=\"og:locale\" content=\"fr_FR\" \/>\n<meta property=\"og:type\" content=\"article\" \/>\n<meta property=\"og:title\" content=\"Le Samsung Galaxy A8s officialis\u00e9 : D\u00e9couvrez ses fonctionnalit\u00e9s\" \/>\n<meta property=\"og:description\" content=\"Samsung\u00a0d\u00e9voile enfin son\u00a0Galaxy A8s,\u00a0faisant de ce dernier le premier smartphone de la marque avec un trou dans l\u2019\u00e9cran.\" \/>\n<meta property=\"og:url\" content=\"https:\/\/www.wel-com.fr\/blog\/samsung-galaxy-a8s-officialise\/\" \/>\n<meta property=\"og:site_name\" content=\"Welcom\" \/>\n<meta property=\"article:publisher\" content=\"https:\/\/www.facebook.com\/welcom.telephonie\/\" \/>\n<meta property=\"article:published_time\" content=\"2018-12-10T15:28:19+00:00\" \/>\n<meta property=\"article:modified_time\" content=\"2023-07-21T08:00:10+00:00\" \/>\n<meta property=\"og:image\" content=\"https:\/\/www.wel-com.fr\/blog\/wp-content\/uploads\/2018\/12\/samsung-galaxy-a8s-630x416-1.jpg\" \/>\n\t<meta property=\"og:image:width\" content=\"626\" \/>\n\t<meta property=\"og:image:height\" content=\"252\" \/>\n\t<meta property=\"og:image:type\" content=\"image\/jpeg\" \/>\n<meta name=\"author\" content=\"Nathan\" \/>\n<meta name=\"twitter:card\" content=\"summary_large_image\" \/>\n<meta name=\"twitter:creator\" content=\"@welcom_fr\" \/>\n<meta name=\"twitter:site\" content=\"@welcom_fr\" \/>\n<meta name=\"twitter:label1\" content=\"\u00c9crit par\" \/>\n\t<meta name=\"twitter:data1\" content=\"Nathan\" \/>\n\t<meta name=\"twitter:label2\" content=\"Dur\u00e9e de lecture estim\u00e9e\" \/>\n\t<meta name=\"twitter:data2\" content=\"3 minutes\" \/>\n<script type=\"application\/ld+json\" class=\"yoast-schema-graph\">{\"@context\":\"https:\/\/schema.org\",\"@graph\":[{\"@type\":\"WebPage\",\"@id\":\"https:\/\/www.wel-com.fr\/blog\/samsung-galaxy-a8s-officialise\/\",\"url\":\"https:\/\/www.wel-com.fr\/blog\/samsung-galaxy-a8s-officialise\/\",\"name\":\"Le Samsung Galaxy A8s officialis\u00e9 : D\u00e9couvrez ses fonctionnalit\u00e9s\",\"isPartOf\":{\"@id\":\"https:\/\/www.wel-com.fr\/blog\/#website\"},\"datePublished\":\"2018-12-10T15:28:19+00:00\",\"dateModified\":\"2023-07-21T08:00:10+00:00\",\"author\":{\"@id\":\"https:\/\/www.wel-com.fr\/blog\/#\/schema\/person\/eaac09f93b9154bf230f374c6a43f884\"},\"description\":\"Samsung\u00a0d\u00e9voile enfin son\u00a0Galaxy A8s,\u00a0faisant de ce dernier le premier smartphone de la marque avec un trou dans l\u2019\u00e9cran.\",\"breadcrumb\":{\"@id\":\"https:\/\/www.wel-com.fr\/blog\/samsung-galaxy-a8s-officialise\/#breadcrumb\"},\"inLanguage\":\"fr-FR\",\"potentialAction\":[{\"@type\":\"ReadAction\",\"target\":[\"https:\/\/www.wel-com.fr\/blog\/samsung-galaxy-a8s-officialise\/\"]}]},{\"@type\":\"BreadcrumbList\",\"@id\":\"https:\/\/www.wel-com.fr\/blog\/samsung-galaxy-a8s-officialise\/#breadcrumb\",\"itemListElement\":[{\"@type\":\"ListItem\",\"position\":1,\"name\":\"Accueil\",\"item\":\"https:\/\/www.wel-com.fr\/blog\/\"},{\"@type\":\"ListItem\",\"position\":2,\"name\":\"Le Samsung Galaxy A8s officialis\u00e9\"}]},{\"@type\":\"WebSite\",\"@id\":\"https:\/\/www.wel-com.fr\/blog\/#website\",\"url\":\"https:\/\/www.wel-com.fr\/blog\/\",\"name\":\"Welcom\",\"description\":\"\",\"potentialAction\":[{\"@type\":\"SearchAction\",\"target\":{\"@type\":\"EntryPoint\",\"urlTemplate\":\"https:\/\/www.wel-com.fr\/blog\/?s={search_term_string}\"},\"query-input\":\"required name=search_term_string\"}],\"inLanguage\":\"fr-FR\"},{\"@type\":\"Person\",\"@id\":\"https:\/\/www.wel-com.fr\/blog\/#\/schema\/person\/eaac09f93b9154bf230f374c6a43f884\",\"name\":\"Nathan\",\"image\":{\"@type\":\"ImageObject\",\"inLanguage\":\"fr-FR\",\"@id\":\"https:\/\/www.wel-com.fr\/blog\/#\/schema\/person\/image\/\",\"url\":\"https:\/\/www.wel-com.fr\/blog\/wp-content\/uploads\/2023\/02\/Avatar-Nathan-150x150.png\",\"contentUrl\":\"https:\/\/www.wel-com.fr\/blog\/wp-content\/uploads\/2023\/02\/Avatar-Nathan-150x150.png\",\"caption\":\"Nathan\"}}]}<\/script>\n<!-- \/ Yoast SEO plugin. -->","yoast_head_json":{"title":"Le Samsung Galaxy A8s officialis\u00e9 : D\u00e9couvrez ses fonctionnalit\u00e9s","description":"Samsung\u00a0d\u00e9voile enfin son\u00a0Galaxy A8s,\u00a0faisant de ce dernier le premier smartphone de la marque avec un trou dans l\u2019\u00e9cran.","robots":{"index":"index","follow":"follow","max-snippet":"max-snippet:-1","max-image-preview":"max-image-preview:large","max-video-preview":"max-video-preview:-1"},"canonical":"https:\/\/www.wel-com.fr\/blog\/samsung-galaxy-a8s-officialise\/","og_locale":"fr_FR","og_type":"article","og_title":"Le Samsung Galaxy A8s officialis\u00e9 : D\u00e9couvrez ses fonctionnalit\u00e9s","og_description":"Samsung\u00a0d\u00e9voile enfin son\u00a0Galaxy A8s,\u00a0faisant de ce dernier le premier smartphone de la marque avec un trou dans l\u2019\u00e9cran.","og_url":"https:\/\/www.wel-com.fr\/blog\/samsung-galaxy-a8s-officialise\/","og_site_name":"Welcom","article_publisher":"https:\/\/www.facebook.com\/welcom.telephonie\/","article_published_time":"2018-12-10T15:28:19+00:00","article_modified_time":"2023-07-21T08:00:10+00:00","og_image":[{"width":626,"height":252,"url":"https:\/\/www.wel-com.fr\/blog\/wp-content\/uploads\/2018\/12\/samsung-galaxy-a8s-630x416-1.jpg","type":"image\/jpeg"}],"author":"Nathan","twitter_card":"summary_large_image","twitter_creator":"@welcom_fr","twitter_site":"@welcom_fr","twitter_misc":{"\u00c9crit par":"Nathan","Dur\u00e9e de lecture estim\u00e9e":"3 minutes"},"schema":{"@context":"https:\/\/schema.org","@graph":[{"@type":"WebPage","@id":"https:\/\/www.wel-com.fr\/blog\/samsung-galaxy-a8s-officialise\/","url":"https:\/\/www.wel-com.fr\/blog\/samsung-galaxy-a8s-officialise\/","name":"Le Samsung Galaxy A8s officialis\u00e9 : D\u00e9couvrez ses fonctionnalit\u00e9s","isPartOf":{"@id":"https:\/\/www.wel-com.fr\/blog\/#website"},"datePublished":"2018-12-10T15:28:19+00:00","dateModified":"2023-07-21T08:00:10+00:00","author":{"@id":"https:\/\/www.wel-com.fr\/blog\/#\/schema\/person\/eaac09f93b9154bf230f374c6a43f884"},"description":"Samsung\u00a0d\u00e9voile enfin son\u00a0Galaxy A8s,\u00a0faisant de ce dernier le premier smartphone de la marque avec un trou dans l\u2019\u00e9cran.","breadcrumb":{"@id":"https:\/\/www.wel-com.fr\/blog\/samsung-galaxy-a8s-officialise\/#breadcrumb"},"inLanguage":"fr-FR","potentialAction":[{"@type":"ReadAction","target":["https:\/\/www.wel-com.fr\/blog\/samsung-galaxy-a8s-officialise\/"]}]},{"@type":"BreadcrumbList","@id":"https:\/\/www.wel-com.fr\/blog\/samsung-galaxy-a8s-officialise\/#breadcrumb","itemListElement":[{"@type":"ListItem","position":1,"name":"Accueil","item":"https:\/\/www.wel-com.fr\/blog\/"},{"@type":"ListItem","position":2,"name":"Le Samsung Galaxy A8s officialis\u00e9"}]},{"@type":"WebSite","@id":"https:\/\/www.wel-com.fr\/blog\/#website","url":"https:\/\/www.wel-com.fr\/blog\/","name":"Welcom","description":"","potentialAction":[{"@type":"SearchAction","target":{"@type":"EntryPoint","urlTemplate":"https:\/\/www.wel-com.fr\/blog\/?s={search_term_string}"},"query-input":"required name=search_term_string"}],"inLanguage":"fr-FR"},{"@type":"Person","@id":"https:\/\/www.wel-com.fr\/blog\/#\/schema\/person\/eaac09f93b9154bf230f374c6a43f884","name":"Nathan","image":{"@type":"ImageObject","inLanguage":"fr-FR","@id":"https:\/\/www.wel-com.fr\/blog\/#\/schema\/person\/image\/","url":"https:\/\/www.wel-com.fr\/blog\/wp-content\/uploads\/2023\/02\/Avatar-Nathan-150x150.png","contentUrl":"https:\/\/www.wel-com.fr\/blog\/wp-content\/uploads\/2023\/02\/Avatar-Nathan-150x150.png","caption":"Nathan"}}]}},"_links":{"self":[{"href":"https:\/\/www.wel-com.fr\/blog\/wp-json\/wp\/v2\/posts\/3593"}],"collection":[{"href":"https:\/\/www.wel-com.fr\/blog\/wp-json\/wp\/v2\/posts"}],"about":[{"href":"https:\/\/www.wel-com.fr\/blog\/wp-json\/wp\/v2\/types\/post"}],"author":[{"embeddable":true,"href":"https:\/\/www.wel-com.fr\/blog\/wp-json\/wp\/v2\/users\/2"}],"replies":[{"embeddable":true,"href":"https:\/\/www.wel-com.fr\/blog\/wp-json\/wp\/v2\/comments?post=3593"}],"version-history":[{"count":10,"href":"https:\/\/www.wel-com.fr\/blog\/wp-json\/wp\/v2\/posts\/3593\/revisions"}],"predecessor-version":[{"id":8714,"href":"https:\/\/www.wel-com.fr\/blog\/wp-json\/wp\/v2\/posts\/3593\/revisions\/8714"}],"wp:featuredmedia":[{"embeddable":true,"href":"https:\/\/www.wel-com.fr\/blog\/wp-json\/wp\/v2\/media\/3604"}],"wp:attachment":[{"href":"https:\/\/www.wel-com.fr\/blog\/wp-json\/wp\/v2\/media?parent=3593"}],"wp:term":[{"taxonomy":"category","embeddable":true,"href":"https:\/\/www.wel-com.fr\/blog\/wp-json\/wp\/v2\/categories?post=3593"},{"taxonomy":"post_tag","embeddable":true,"href":"https:\/\/www.wel-com.fr\/blog\/wp-json\/wp\/v2\/tags?post=3593"}],"curies":[{"name":"wp","href":"https:\/\/api.w.org\/{rel}","templated":true}]}}