{"id":3543,"date":"2018-11-29T10:59:30","date_gmt":"2018-11-29T09:59:30","guid":{"rendered":"https:\/\/www.wel-com.fr\/blog\/?p=3543"},"modified":"2018-11-29T10:59:30","modified_gmt":"2018-11-29T09:59:30","slug":"huawei-nova-4-ecran-borderless-perce-confirme","status":"publish","type":"post","link":"https:\/\/www.wel-com.fr\/blog\/huawei-nova-4-ecran-borderless-perce-confirme\/","title":{"rendered":"? Huawei Nova 4 :  \u00c9cran borderless perc\u00e9 confirm\u00e9 ?"},"content":{"rendered":"<p><strong>La marque HUAWEI confirme un \u00e9cran full borderless et sans encoche sur son nouveau Huawei Nova 4.\u00a0<\/strong><strong>L\u2019\u00e9cran sera perc\u00e9 pour laisser appara\u00eetre la cam\u00e9ra en fa\u00e7ade.<\/strong><\/p>\n<p>Le\u00a0<strong>Huawei Nova 4<\/strong>\u00a0ne reprendrait donc pas l\u2019encoche du Huawei Mate 20 ou du Huawei Mate 20 Pro puisqu\u2019il proposerait une\u00a0<strong>mini-notch circulaire<\/strong>\u00a0destin\u00e9e \u00e0 accueillir uniquement la cam\u00e9ra frontale.<br \/>\n<strong>L\u2019\u00e9cran serait totalement borderless<\/strong>. On aurait donc \u00e0 faire \u00e0\u00a0<strong>une face avant tr\u00e8s proche du Samsung Galaxy A8s avec sa fameuse dalle Infinity-O<\/strong>.<\/p>\n<p><img decoding=\"async\" loading=\"lazy\" class=\"aligncenter wp-image-3544\" src=\"https:\/\/www.wel-com.fr\/blog\/wp-content\/uploads\/2018\/11\/huawei-nova-4.jpg\" alt=\"\" width=\"558\" height=\"314\" \/><\/p>\n<p>Pas de caract\u00e9ristiques techniques encore pour cet appareil, mais une poign\u00e9e de photos pour un smartphone dont l\u2019\u00e9cran aux coins arrondis occupe une bonne partie de la surface avant. La bordure en bas semble toujours pr\u00e9sente, mais moins pro\u00e9minente que sur d\u2019autres terminaux Android. Surtout, l\u2019encoche a disparu pour laisser place \u00e0 un trou.<\/p>\n<p>Ce trou permet \u00e0 l\u2019appareil photo \u00e0 l\u2019avant de remplir son office. Pour le reste, il faudra attendre la conf\u00e9rence de Huawei pour en savoir plus. On ignore m\u00eame \u00e0 quoi ressemble l\u2019arri\u00e8re du Nova 4, l\u2019appareil d\u00e9voil\u00e9 \u00e9tant cach\u00e9 par un \u00e9tui.<\/p>\n<p>C\u2019est sous le nom de\u00a0<strong>Huawei P Smart+<\/strong>\u00a0que le\u00a0<strong>Huawei Nova 3i<\/strong>\u00a0a fait son entr\u00e9e sur le march\u00e9 fran\u00e7ais. Le Nova 3 n\u2019a quant \u00e0 lui pas franchi nos fronti\u00e8res.<br \/>\nLe\u00a0<strong>Nova 4<\/strong>\u00a0va-t-il le faire ? On peut s\u2019attendre \u00e0 un lancement fin 2018 ou d\u00e9but 2019.<\/p>\n<hr \/>\n<h2 style=\"text-align: center;\"><strong>POUR ne rien rater de nos prochaines astuces mobiles, RESTEZ BRANCH\u00c9S SUR\u00a0<a href=\"https:\/\/www.wel-com.fr\/blog\/\">WELCOM\u2019 NEWS<\/a>\u00a0!<\/strong><\/h2>\n<p style=\"text-align: center;\"><strong>Retrouvez-nous les r\u00e9seaux sociaux !<\/strong><\/p>\n<h2 class=\"alignnone\" style=\"text-align: center;\"><a href=\"https:\/\/www.facebook.com\/welcom.telephonie\/\" target=\"_blank\" rel=\"noopener\"><strong><img decoding=\"async\" loading=\"lazy\" class=\"alignnone wp-image-2171\" title=\"facebook-icon\" src=\"https:\/\/www.wel-com.fr\/blog\/wp-content\/uploads\/2018\/03\/facebook.png\" sizes=\"(max-width: 70px) 100vw, 70px\" srcset=\"https:\/\/www.wel-com.fr\/blog\/wp-content\/uploads\/2018\/03\/facebook.png 512w, https:\/\/www.wel-com.fr\/blog\/wp-content\/uploads\/2018\/03\/facebook-150x150.png 150w, https:\/\/www.wel-com.fr\/blog\/wp-content\/uploads\/2018\/03\/facebook-300x300.png 300w, https:\/\/www.wel-com.fr\/blog\/wp-content\/uploads\/2018\/03\/facebook-630x630.png 630w\" alt=\"facebook-icon\" width=\"70\" height=\"70\" \/><\/strong><\/a><strong>\u00a0\u00a0<a href=\"https:\/\/twitter.com\/welcom_fr\" target=\"_blank\" rel=\"noopener\"><img decoding=\"async\" loading=\"lazy\" class=\"alignnone wp-image-2170\" title=\"twitter-icon\" src=\"https:\/\/www.wel-com.fr\/blog\/wp-content\/uploads\/2018\/03\/twitter.png\" sizes=\"(max-width: 70px) 100vw, 70px\" srcset=\"https:\/\/www.wel-com.fr\/blog\/wp-content\/uploads\/2018\/03\/twitter.png 512w, https:\/\/www.wel-com.fr\/blog\/wp-content\/uploads\/2018\/03\/twitter-150x150.png 150w, https:\/\/www.wel-com.fr\/blog\/wp-content\/uploads\/2018\/03\/twitter-300x300.png 300w, https:\/\/www.wel-com.fr\/blog\/wp-content\/uploads\/2018\/03\/twitter-630x630.png 630w\" alt=\"twitter-icon\" width=\"70\" height=\"70\" \/><\/a>\u00a0\u00a0<a href=\"https:\/\/www.youtube.com\/channel\/UCzE10j8vRxSEVubF8gqt-5Q\" target=\"_blank\" rel=\"noopener\"><img decoding=\"async\" loading=\"lazy\" class=\"alignnone wp-image-2172\" title=\"youtube-icon\" src=\"https:\/\/www.wel-com.fr\/blog\/wp-content\/uploads\/2018\/03\/youtube.png\" sizes=\"(max-width: 70px) 100vw, 70px\" srcset=\"https:\/\/www.wel-com.fr\/blog\/wp-content\/uploads\/2018\/03\/youtube.png 512w, https:\/\/www.wel-com.fr\/blog\/wp-content\/uploads\/2018\/03\/youtube-150x150.png 150w, https:\/\/www.wel-com.fr\/blog\/wp-content\/uploads\/2018\/03\/youtube-300x300.png 300w, https:\/\/www.wel-com.fr\/blog\/wp-content\/uploads\/2018\/03\/youtube-630x630.png 630w\" alt=\"youtube-icon\" width=\"70\" height=\"70\" \/><\/a>\u00a0 \u00a0\u00a0<a href=\"https:\/\/www.linkedin.com\/company\/10080146\" target=\"_blank\" rel=\"noopener\"><img decoding=\"async\" loading=\"lazy\" class=\"alignnone wp-image-2173\" title=\"linkedin-icon\" src=\"https:\/\/www.wel-com.fr\/blog\/wp-content\/uploads\/2018\/03\/linkedin.png\" sizes=\"(max-width: 70px) 100vw, 70px\" srcset=\"https:\/\/www.wel-com.fr\/blog\/wp-content\/uploads\/2018\/03\/linkedin.png 512w, https:\/\/www.wel-com.fr\/blog\/wp-content\/uploads\/2018\/03\/linkedin-150x150.png 150w, https:\/\/www.wel-com.fr\/blog\/wp-content\/uploads\/2018\/03\/linkedin-300x300.png 300w, https:\/\/www.wel-com.fr\/blog\/wp-content\/uploads\/2018\/03\/linkedin-630x630.png 630w\" alt=\"linkedin-icon\" width=\"70\" height=\"70\" \/><\/a>\u00a0<\/strong><a href=\"https:\/\/www.instagram.com\/welcom_fr\/\" target=\"_blank\" rel=\"noopener\"><img decoding=\"async\" loading=\"lazy\" class=\"wp-image-3225 alignnone\" title=\"instagram-icon\" src=\"https:\/\/www.wel-com.fr\/blog\/wp-content\/uploads\/2018\/08\/instagram-1.png\" sizes=\"(max-width: 70px) 100vw, 70px\" srcset=\"https:\/\/www.wel-com.fr\/blog\/wp-content\/uploads\/2018\/08\/instagram-1.png 512w, https:\/\/www.wel-com.fr\/blog\/wp-content\/uploads\/2018\/08\/instagram-1-150x150.png 150w, https:\/\/www.wel-com.fr\/blog\/wp-content\/uploads\/2018\/08\/instagram-1-300x300.png 300w, https:\/\/www.wel-com.fr\/blog\/wp-content\/uploads\/2018\/08\/instagram-1-630x630.png 630w\" alt=\"instagram-icon\" width=\"70\" height=\"70\" \/><\/a><\/h2>\n","protected":false},"excerpt":{"rendered":"<p>La marque HUAWEI confirme un \u00e9cran full borderless et sans encoche sur son nouveau Huawei Nova 4.\u00a0L\u2019\u00e9cran sera perc\u00e9 pour laisser appara\u00eetre la cam\u00e9ra en fa\u00e7ade. Le\u00a0Huawei Nova 4\u00a0ne reprendrait donc pas l\u2019encoche du Huawei Mate 20 ou du Huawei Mate 20 Pro puisqu\u2019il proposerait une\u00a0mini-notch circulaire\u00a0destin\u00e9e \u00e0 accueillir uniquement la cam\u00e9ra frontale. L\u2019\u00e9cran serait [&hellip;]<\/p>\n","protected":false},"author":2,"featured_media":3552,"comment_status":"open","ping_status":"open","sticky":false,"template":"","format":"standard","meta":{"content-type":"","_monsterinsights_skip_tracking":false,"_monsterinsights_sitenote_active":false,"_monsterinsights_sitenote_note":"","_monsterinsights_sitenote_category":0},"categories":[1,3],"tags":[],"yoast_head":"<!-- This site is optimized with the Yoast SEO plugin v20.7 - https:\/\/yoast.com\/wordpress\/plugins\/seo\/ -->\n<title>Huawei Nova 4 : \u00c9cran borderless perc\u00e9 confirm\u00e9 par la marque<\/title>\n<meta name=\"description\" content=\"La marque HUAWEI confirme un \u00e9cran full borderless et sans encoche sur son nouveau Huawei Nova 4.Un \u00e9cran perc\u00e9 pour laisser appara\u00eetre la cam\u00e9ra en fa\u00e7ade.\" \/>\n<meta name=\"robots\" content=\"index, follow, max-snippet:-1, max-image-preview:large, max-video-preview:-1\" \/>\n<link rel=\"canonical\" href=\"https:\/\/www.wel-com.fr\/blog\/huawei-nova-4-ecran-borderless-perce-confirme\/\" \/>\n<meta property=\"og:locale\" content=\"fr_FR\" \/>\n<meta property=\"og:type\" content=\"article\" \/>\n<meta property=\"og:title\" content=\"Huawei Nova 4 : \u00c9cran borderless perc\u00e9 confirm\u00e9 par la marque\" \/>\n<meta property=\"og:description\" content=\"La marque HUAWEI confirme un \u00e9cran full borderless et sans encoche sur son nouveau Huawei Nova 4.Un \u00e9cran perc\u00e9 pour laisser appara\u00eetre la cam\u00e9ra en fa\u00e7ade.\" \/>\n<meta property=\"og:url\" content=\"https:\/\/www.wel-com.fr\/blog\/huawei-nova-4-ecran-borderless-perce-confirme\/\" \/>\n<meta property=\"og:site_name\" content=\"Welcom\" \/>\n<meta property=\"article:publisher\" content=\"https:\/\/www.facebook.com\/welcom.telephonie\/\" \/>\n<meta property=\"article:published_time\" content=\"2018-11-29T09:59:30+00:00\" \/>\n<meta property=\"og:image\" content=\"https:\/\/www.wel-com.fr\/blog\/wp-content\/uploads\/2018\/11\/ecran-huawei-nova-4.png\" \/>\n\t<meta property=\"og:image:width\" content=\"696\" \/>\n\t<meta property=\"og:image:height\" content=\"277\" \/>\n\t<meta property=\"og:image:type\" content=\"image\/png\" \/>\n<meta name=\"author\" content=\"Nathan\" \/>\n<meta name=\"twitter:card\" content=\"summary_large_image\" \/>\n<meta name=\"twitter:creator\" content=\"@welcom_fr\" \/>\n<meta name=\"twitter:site\" content=\"@welcom_fr\" \/>\n<meta name=\"twitter:label1\" content=\"\u00c9crit par\" \/>\n\t<meta name=\"twitter:data1\" content=\"Nathan\" \/>\n\t<meta name=\"twitter:label2\" content=\"Dur\u00e9e de lecture estim\u00e9e\" \/>\n\t<meta name=\"twitter:data2\" content=\"1 minute\" \/>\n<script type=\"application\/ld+json\" class=\"yoast-schema-graph\">{\"@context\":\"https:\/\/schema.org\",\"@graph\":[{\"@type\":\"WebPage\",\"@id\":\"https:\/\/www.wel-com.fr\/blog\/huawei-nova-4-ecran-borderless-perce-confirme\/\",\"url\":\"https:\/\/www.wel-com.fr\/blog\/huawei-nova-4-ecran-borderless-perce-confirme\/\",\"name\":\"Huawei Nova 4 : \u00c9cran borderless perc\u00e9 confirm\u00e9 par la marque\",\"isPartOf\":{\"@id\":\"https:\/\/www.wel-com.fr\/blog\/#website\"},\"datePublished\":\"2018-11-29T09:59:30+00:00\",\"dateModified\":\"2018-11-29T09:59:30+00:00\",\"author\":{\"@id\":\"https:\/\/www.wel-com.fr\/blog\/#\/schema\/person\/eaac09f93b9154bf230f374c6a43f884\"},\"description\":\"La marque HUAWEI confirme un \u00e9cran full borderless et sans encoche sur son nouveau Huawei Nova 4.Un \u00e9cran perc\u00e9 pour laisser appara\u00eetre la cam\u00e9ra en fa\u00e7ade.\",\"breadcrumb\":{\"@id\":\"https:\/\/www.wel-com.fr\/blog\/huawei-nova-4-ecran-borderless-perce-confirme\/#breadcrumb\"},\"inLanguage\":\"fr-FR\",\"potentialAction\":[{\"@type\":\"ReadAction\",\"target\":[\"https:\/\/www.wel-com.fr\/blog\/huawei-nova-4-ecran-borderless-perce-confirme\/\"]}]},{\"@type\":\"BreadcrumbList\",\"@id\":\"https:\/\/www.wel-com.fr\/blog\/huawei-nova-4-ecran-borderless-perce-confirme\/#breadcrumb\",\"itemListElement\":[{\"@type\":\"ListItem\",\"position\":1,\"name\":\"Accueil\",\"item\":\"https:\/\/www.wel-com.fr\/blog\/\"},{\"@type\":\"ListItem\",\"position\":2,\"name\":\"? Huawei Nova 4 : \u00c9cran borderless perc\u00e9 confirm\u00e9 ?\"}]},{\"@type\":\"WebSite\",\"@id\":\"https:\/\/www.wel-com.fr\/blog\/#website\",\"url\":\"https:\/\/www.wel-com.fr\/blog\/\",\"name\":\"Welcom\",\"description\":\"\",\"potentialAction\":[{\"@type\":\"SearchAction\",\"target\":{\"@type\":\"EntryPoint\",\"urlTemplate\":\"https:\/\/www.wel-com.fr\/blog\/?s={search_term_string}\"},\"query-input\":\"required name=search_term_string\"}],\"inLanguage\":\"fr-FR\"},{\"@type\":\"Person\",\"@id\":\"https:\/\/www.wel-com.fr\/blog\/#\/schema\/person\/eaac09f93b9154bf230f374c6a43f884\",\"name\":\"Nathan\",\"image\":{\"@type\":\"ImageObject\",\"inLanguage\":\"fr-FR\",\"@id\":\"https:\/\/www.wel-com.fr\/blog\/#\/schema\/person\/image\/\",\"url\":\"https:\/\/www.wel-com.fr\/blog\/wp-content\/uploads\/2023\/02\/Avatar-Nathan-150x150.png\",\"contentUrl\":\"https:\/\/www.wel-com.fr\/blog\/wp-content\/uploads\/2023\/02\/Avatar-Nathan-150x150.png\",\"caption\":\"Nathan\"}}]}<\/script>\n<!-- \/ Yoast SEO plugin. -->","yoast_head_json":{"title":"Huawei Nova 4 : \u00c9cran borderless perc\u00e9 confirm\u00e9 par la marque","description":"La marque HUAWEI confirme un \u00e9cran full borderless et sans encoche sur son nouveau Huawei Nova 4.Un \u00e9cran perc\u00e9 pour laisser appara\u00eetre la cam\u00e9ra en fa\u00e7ade.","robots":{"index":"index","follow":"follow","max-snippet":"max-snippet:-1","max-image-preview":"max-image-preview:large","max-video-preview":"max-video-preview:-1"},"canonical":"https:\/\/www.wel-com.fr\/blog\/huawei-nova-4-ecran-borderless-perce-confirme\/","og_locale":"fr_FR","og_type":"article","og_title":"Huawei Nova 4 : \u00c9cran borderless perc\u00e9 confirm\u00e9 par la marque","og_description":"La marque HUAWEI confirme un \u00e9cran full borderless et sans encoche sur son nouveau Huawei Nova 4.Un \u00e9cran perc\u00e9 pour laisser appara\u00eetre la cam\u00e9ra en fa\u00e7ade.","og_url":"https:\/\/www.wel-com.fr\/blog\/huawei-nova-4-ecran-borderless-perce-confirme\/","og_site_name":"Welcom","article_publisher":"https:\/\/www.facebook.com\/welcom.telephonie\/","article_published_time":"2018-11-29T09:59:30+00:00","og_image":[{"width":696,"height":277,"url":"https:\/\/www.wel-com.fr\/blog\/wp-content\/uploads\/2018\/11\/ecran-huawei-nova-4.png","type":"image\/png"}],"author":"Nathan","twitter_card":"summary_large_image","twitter_creator":"@welcom_fr","twitter_site":"@welcom_fr","twitter_misc":{"\u00c9crit par":"Nathan","Dur\u00e9e de lecture estim\u00e9e":"1 minute"},"schema":{"@context":"https:\/\/schema.org","@graph":[{"@type":"WebPage","@id":"https:\/\/www.wel-com.fr\/blog\/huawei-nova-4-ecran-borderless-perce-confirme\/","url":"https:\/\/www.wel-com.fr\/blog\/huawei-nova-4-ecran-borderless-perce-confirme\/","name":"Huawei Nova 4 : \u00c9cran borderless perc\u00e9 confirm\u00e9 par la marque","isPartOf":{"@id":"https:\/\/www.wel-com.fr\/blog\/#website"},"datePublished":"2018-11-29T09:59:30+00:00","dateModified":"2018-11-29T09:59:30+00:00","author":{"@id":"https:\/\/www.wel-com.fr\/blog\/#\/schema\/person\/eaac09f93b9154bf230f374c6a43f884"},"description":"La marque HUAWEI confirme un \u00e9cran full borderless et sans encoche sur son nouveau Huawei Nova 4.Un \u00e9cran perc\u00e9 pour laisser appara\u00eetre la cam\u00e9ra en fa\u00e7ade.","breadcrumb":{"@id":"https:\/\/www.wel-com.fr\/blog\/huawei-nova-4-ecran-borderless-perce-confirme\/#breadcrumb"},"inLanguage":"fr-FR","potentialAction":[{"@type":"ReadAction","target":["https:\/\/www.wel-com.fr\/blog\/huawei-nova-4-ecran-borderless-perce-confirme\/"]}]},{"@type":"BreadcrumbList","@id":"https:\/\/www.wel-com.fr\/blog\/huawei-nova-4-ecran-borderless-perce-confirme\/#breadcrumb","itemListElement":[{"@type":"ListItem","position":1,"name":"Accueil","item":"https:\/\/www.wel-com.fr\/blog\/"},{"@type":"ListItem","position":2,"name":"? Huawei Nova 4 : \u00c9cran borderless perc\u00e9 confirm\u00e9 ?"}]},{"@type":"WebSite","@id":"https:\/\/www.wel-com.fr\/blog\/#website","url":"https:\/\/www.wel-com.fr\/blog\/","name":"Welcom","description":"","potentialAction":[{"@type":"SearchAction","target":{"@type":"EntryPoint","urlTemplate":"https:\/\/www.wel-com.fr\/blog\/?s={search_term_string}"},"query-input":"required name=search_term_string"}],"inLanguage":"fr-FR"},{"@type":"Person","@id":"https:\/\/www.wel-com.fr\/blog\/#\/schema\/person\/eaac09f93b9154bf230f374c6a43f884","name":"Nathan","image":{"@type":"ImageObject","inLanguage":"fr-FR","@id":"https:\/\/www.wel-com.fr\/blog\/#\/schema\/person\/image\/","url":"https:\/\/www.wel-com.fr\/blog\/wp-content\/uploads\/2023\/02\/Avatar-Nathan-150x150.png","contentUrl":"https:\/\/www.wel-com.fr\/blog\/wp-content\/uploads\/2023\/02\/Avatar-Nathan-150x150.png","caption":"Nathan"}}]}},"_links":{"self":[{"href":"https:\/\/www.wel-com.fr\/blog\/wp-json\/wp\/v2\/posts\/3543"}],"collection":[{"href":"https:\/\/www.wel-com.fr\/blog\/wp-json\/wp\/v2\/posts"}],"about":[{"href":"https:\/\/www.wel-com.fr\/blog\/wp-json\/wp\/v2\/types\/post"}],"author":[{"embeddable":true,"href":"https:\/\/www.wel-com.fr\/blog\/wp-json\/wp\/v2\/users\/2"}],"replies":[{"embeddable":true,"href":"https:\/\/www.wel-com.fr\/blog\/wp-json\/wp\/v2\/comments?post=3543"}],"version-history":[{"count":5,"href":"https:\/\/www.wel-com.fr\/blog\/wp-json\/wp\/v2\/posts\/3543\/revisions"}],"predecessor-version":[{"id":3554,"href":"https:\/\/www.wel-com.fr\/blog\/wp-json\/wp\/v2\/posts\/3543\/revisions\/3554"}],"wp:featuredmedia":[{"embeddable":true,"href":"https:\/\/www.wel-com.fr\/blog\/wp-json\/wp\/v2\/media\/3552"}],"wp:attachment":[{"href":"https:\/\/www.wel-com.fr\/blog\/wp-json\/wp\/v2\/media?parent=3543"}],"wp:term":[{"taxonomy":"category","embeddable":true,"href":"https:\/\/www.wel-com.fr\/blog\/wp-json\/wp\/v2\/categories?post=3543"},{"taxonomy":"post_tag","embeddable":true,"href":"https:\/\/www.wel-com.fr\/blog\/wp-json\/wp\/v2\/tags?post=3543"}],"curies":[{"name":"wp","href":"https:\/\/api.w.org\/{rel}","templated":true}]}}